{"id":9518,"date":"2019-05-10T11:31:49","date_gmt":"2019-05-10T17:31:49","guid":{"rendered":"http:\/\/noticias.igssgt.org\/?p=9518"},"modified":"2019-05-10T11:31:49","modified_gmt":"2019-05-10T17:31:49","slug":"como-prevenir-enfermedades-respiratorias-y-alergias-por-el-cambio-de-clima","status":"publish","type":"post","link":"https:\/\/www.igssgt.org\/noticias\/2019\/05\/10\/como-prevenir-enfermedades-respiratorias-y-alergias-por-el-cambio-de-clima\/","title":{"rendered":"C\u00f3mo prevenir enfermedades respiratorias y alergias por el cambio de clima"},"content":{"rendered":"<p>Las afecciones m\u00e1s frecuentes que se registran por cambio brusco de temperatura son los resfriados comunes, laringitis, faringitis, rinitis y asma, las que deben ser tratadas por un especialista para evitar que se produzca una bronquitis o neumon\u00eda, indic\u00f3 la doctora Ana Lilian Sim\u00f3n, neum\u00f3loga del Instituto Guatemalteco de Seguridad Social (IGSS).<\/p>\n<p>\u201cDesabrigarse por un repentino cambio de temperatura conllevar\u00eda a tener resfriados, que despu\u00e9s puede convertirse en bronquitis. Los principales afectados son los ni\u00f1os menores de cinco a\u00f1os y adultos de 60 a\u00f1os o m\u00e1s, quienes por la edad presentan infecciones cr\u00f3nicas\u201d, precis\u00f3 la neum\u00f3loga.<\/p>\n<p>A las personas al\u00e9rgicas y asm\u00e1ticas la especialista recomienda evitar abrir la refrigeradora si est\u00e1 transpirando y el uso de ropa de lana porque este material provoca severos problemas en la respiraci\u00f3n. Tambi\u00e9n es recomendable que se administre las vacunas de influenza y neumococo para evitar estos males.<\/p>\n<p>\u201cEs importante que los pacientes no se automediquen, ya que esto puede generar reacciones al\u00e9rgicas o resistencia a los antibi\u00f3ticos; es mejor que busquen la ayuda de un m\u00e9dico, quien indicar\u00e1 el tratamiento adecuado para evitar peores complicaciones\u201d, agreg\u00f3.<\/p>\n\r\n                <style type=\"text\/css\">\r\n                    \r\n                    #tdi_1  .td-doubleSlider-2 .td-item1 {\r\n                        background: url(\/wp-content\/uploads\/sites\/5\/2019\/05\/Como-prevenir-enfermedades-respiratorias-1-80x60.jpg) 0 0 no-repeat;\r\n                    }\r\n                    #tdi_1  .td-doubleSlider-2 .td-item2 {\r\n                        background: url(\/wp-content\/uploads\/sites\/5\/2019\/05\/Como-prevenir-enfermedades-respiratorias-2-80x60.jpg) 0 0 no-repeat;\r\n                    }\r\n                    #tdi_1  .td-doubleSlider-2 .td-item3 {\r\n                        background: url(\/wp-content\/uploads\/sites\/5\/2019\/05\/Como-prevenir-enfermedades-respiratorias-3-80x60.jpg) 0 0 no-repeat;\r\n                    }\r\n                    #tdi_1  .td-doubleSlider-2 .td-item4 {\r\n                        background: url(\/wp-content\/uploads\/sites\/5\/2019\/05\/Como-prevenir-enfermedades-respiratorias-4-80x60.jpg) 0 0 no-repeat;\r\n                    }\r\n                    #tdi_1  .td-doubleSlider-2 .td-item5 {\r\n                        background: url(\/wp-content\/uploads\/sites\/5\/2019\/05\/Como-prevenir-enfermedades-respiratorias-5-80x60.jpg) 0 0 no-repeat;\r\n                    }\r\n                    #tdi_1  .td-doubleSlider-2 .td-item6 {\r\n                        background: url(\/wp-content\/uploads\/sites\/5\/2019\/05\/Como-prevenir-enfermedades-respiratorias-6-80x60.jpg) 0 0 no-repeat;\r\n                    }\r\n                    #tdi_1  .td-doubleSlider-2 .td-item7 {\r\n                        background: url(\/wp-content\/uploads\/sites\/5\/2019\/05\/Como-prevenir-enfermedades-respiratorias-7-80x60.jpg) 0 0 no-repeat;\r\n                    }\r\n                    #tdi_1  .td-doubleSlider-2 .td-item8 {\r\n                        background: url(\/wp-content\/uploads\/sites\/5\/2019\/05\/Como-prevenir-enfermedades-respiratorias-8-80x60.jpg) 0 0 no-repeat;\r\n                    }\r\n                <\/style>\r\n\r\n                <div id=\"tdi_1\" class=\"td-gallery td-slide-on-2-columns\">\r\n                    <div class=\"post_td_gallery\">\r\n                        <div class=\"td-gallery-slide-top\">\r\n                           <div class=\"td-gallery-title\">Galer\u00eda de Im\u00e1genes<\/div>\r\n\r\n                            <div class=\"td-gallery-controls-wrapper\">\r\n                                <div class=\"td-gallery-slide-count\"><span class=\"td-gallery-slide-item-focus\">1<\/span> de 8<\/div>\r\n                                <div class=\"td-gallery-slide-prev-next-but\">\r\n                                    <i class = \"td-icon-left doubleSliderPrevButton\"><\/i>\r\n                                    <i class = \"td-icon-right doubleSliderNextButton\"><\/i>\r\n                                <\/div>\r\n                            <\/div>\r\n                        <\/div>\r\n\r\n                        <div class = \"td-doubleSlider-1 \">\r\n                            <div class = \"td-slider\">\r\n                                \r\n                    <div class = \"td-slide-item td-item1\">\r\n                        <figure class=\"td-slide-galery-figure td-slide-popup-gallery\">\r\n                            <a class=\"slide-gallery-image-link\" href=\"\/wp-content\/uploads\/sites\/5\/2019\/05\/Como-prevenir-enfermedades-respiratorias-1.jpg\" title=\"Como prevenir enfermedades respiratorias-1\"  data-caption=\"\"  data-description=\"\">\r\n                                <img decoding=\"async\" src=\"\/wp-content\/uploads\/sites\/5\/2019\/05\/Como-prevenir-enfermedades-respiratorias-1-630x420.jpg\" srcset=\"\/wp-content\/uploads\/sites\/5\/2019\/05\/Como-prevenir-enfermedades-respiratorias-1-630x420.jpg 630w, \/wp-content\/uploads\/sites\/5\/2019\/05\/Como-prevenir-enfermedades-respiratorias-1-300x200.jpg 300w, \/wp-content\/uploads\/sites\/5\/2019\/05\/Como-prevenir-enfermedades-respiratorias-1-768x512.jpg 768w, \/wp-content\/uploads\/sites\/5\/2019\/05\/Como-prevenir-enfermedades-respiratorias-1-1024x682.jpg 1024w, \/wp-content\/uploads\/sites\/5\/2019\/05\/Como-prevenir-enfermedades-respiratorias-1-696x464.jpg 696w, \/wp-content\/uploads\/sites\/5\/2019\/05\/Como-prevenir-enfermedades-respiratorias-1-1068x712.jpg 1068w, \/wp-content\/uploads\/sites\/5\/2019\/05\/Como-prevenir-enfermedades-respiratorias-1-534x356.jpg 534w, \/wp-content\/uploads\/sites\/5\/2019\/05\/Como-prevenir-enfermedades-respiratorias-1.jpg 1280w\" sizes=\"(max-width: 630px) 100vw, 630px\" alt=\"\">\r\n                            <\/a>\r\n                            \r\n                        <\/figure>\r\n                    <\/div>\r\n                    <div class = \"td-slide-item td-item2\">\r\n                        <figure class=\"td-slide-galery-figure td-slide-popup-gallery\">\r\n                            <a class=\"slide-gallery-image-link\" href=\"\/wp-content\/uploads\/sites\/5\/2019\/05\/Como-prevenir-enfermedades-respiratorias-2.jpg\" title=\"Como prevenir enfermedades respiratorias-2\"  data-caption=\"\"  data-description=\"\">\r\n                                <img decoding=\"async\" src=\"\/wp-content\/uploads\/sites\/5\/2019\/05\/Como-prevenir-enfermedades-respiratorias-2-272x420.jpg\" srcset=\"\/wp-content\/uploads\/sites\/5\/2019\/05\/Como-prevenir-enfermedades-respiratorias-2-272x420.jpg 272w, \/wp-content\/uploads\/sites\/5\/2019\/05\/Como-prevenir-enfermedades-respiratorias-2-195x300.jpg 195w, \/wp-content\/uploads\/sites\/5\/2019\/05\/Como-prevenir-enfermedades-respiratorias-2-768x1184.jpg 768w, \/wp-content\/uploads\/sites\/5\/2019\/05\/Como-prevenir-enfermedades-respiratorias-2-664x1024.jpg 664w, \/wp-content\/uploads\/sites\/5\/2019\/05\/Como-prevenir-enfermedades-respiratorias-2-696x1073.jpg 696w, \/wp-content\/uploads\/sites\/5\/2019\/05\/Como-prevenir-enfermedades-respiratorias-2-300x462.jpg 300w, \/wp-content\/uploads\/sites\/5\/2019\/05\/Como-prevenir-enfermedades-respiratorias-2.jpg 830w\" sizes=\"(max-width: 272px) 100vw, 272px\" alt=\"\">\r\n                            <\/a>\r\n                            \r\n                        <\/figure>\r\n                    <\/div>\r\n                    <div class = \"td-slide-item td-item3\">\r\n                        <figure class=\"td-slide-galery-figure td-slide-popup-gallery\">\r\n                            <a class=\"slide-gallery-image-link\" href=\"\/wp-content\/uploads\/sites\/5\/2019\/05\/Como-prevenir-enfermedades-respiratorias-3.jpg\" title=\"Como prevenir enfermedades respiratorias-3\"  data-caption=\"\"  data-description=\"\">\r\n                                <img decoding=\"async\" src=\"\/wp-content\/uploads\/sites\/5\/2019\/05\/Como-prevenir-enfermedades-respiratorias-3-630x420.jpg\" srcset=\"\/wp-content\/uploads\/sites\/5\/2019\/05\/Como-prevenir-enfermedades-respiratorias-3-630x420.jpg 630w, \/wp-content\/uploads\/sites\/5\/2019\/05\/Como-prevenir-enfermedades-respiratorias-3-300x200.jpg 300w, \/wp-content\/uploads\/sites\/5\/2019\/05\/Como-prevenir-enfermedades-respiratorias-3-768x512.jpg 768w, \/wp-content\/uploads\/sites\/5\/2019\/05\/Como-prevenir-enfermedades-respiratorias-3-1024x682.jpg 1024w, \/wp-content\/uploads\/sites\/5\/2019\/05\/Como-prevenir-enfermedades-respiratorias-3-696x464.jpg 696w, \/wp-content\/uploads\/sites\/5\/2019\/05\/Como-prevenir-enfermedades-respiratorias-3-1068x712.jpg 1068w, \/wp-content\/uploads\/sites\/5\/2019\/05\/Como-prevenir-enfermedades-respiratorias-3-534x356.jpg 534w, \/wp-content\/uploads\/sites\/5\/2019\/05\/Como-prevenir-enfermedades-respiratorias-3.jpg 1280w\" sizes=\"(max-width: 630px) 100vw, 630px\" alt=\"\">\r\n                            <\/a>\r\n                            \r\n                        <\/figure>\r\n                    <\/div>\r\n                    <div class = \"td-slide-item td-item4\">\r\n                        <figure class=\"td-slide-galery-figure td-slide-popup-gallery\">\r\n                            <a class=\"slide-gallery-image-link\" href=\"\/wp-content\/uploads\/sites\/5\/2019\/05\/Como-prevenir-enfermedades-respiratorias-4.jpg\" title=\"Como prevenir enfermedades respiratorias-4\"  data-caption=\"\"  data-description=\"\">\r\n                                <img decoding=\"async\" src=\"\/wp-content\/uploads\/sites\/5\/2019\/05\/Como-prevenir-enfermedades-respiratorias-4-630x420.jpg\" srcset=\"\/wp-content\/uploads\/sites\/5\/2019\/05\/Como-prevenir-enfermedades-respiratorias-4-630x420.jpg 630w, \/wp-content\/uploads\/sites\/5\/2019\/05\/Como-prevenir-enfermedades-respiratorias-4-300x200.jpg 300w, \/wp-content\/uploads\/sites\/5\/2019\/05\/Como-prevenir-enfermedades-respiratorias-4-768x512.jpg 768w, \/wp-content\/uploads\/sites\/5\/2019\/05\/Como-prevenir-enfermedades-respiratorias-4-1024x682.jpg 1024w, \/wp-content\/uploads\/sites\/5\/2019\/05\/Como-prevenir-enfermedades-respiratorias-4-696x464.jpg 696w, \/wp-content\/uploads\/sites\/5\/2019\/05\/Como-prevenir-enfermedades-respiratorias-4-1068x712.jpg 1068w, \/wp-content\/uploads\/sites\/5\/2019\/05\/Como-prevenir-enfermedades-respiratorias-4-534x356.jpg 534w, \/wp-content\/uploads\/sites\/5\/2019\/05\/Como-prevenir-enfermedades-respiratorias-4.jpg 1280w\" sizes=\"(max-width: 630px) 100vw, 630px\" alt=\"\">\r\n                            <\/a>\r\n                            \r\n                        <\/figure>\r\n                    <\/div>\r\n                    <div class = \"td-slide-item td-item5\">\r\n                        <figure class=\"td-slide-galery-figure td-slide-popup-gallery\">\r\n                            <a class=\"slide-gallery-image-link\" href=\"\/wp-content\/uploads\/sites\/5\/2019\/05\/Como-prevenir-enfermedades-respiratorias-5.jpg\" title=\"Como prevenir enfermedades respiratorias-5\"  data-caption=\"\"  data-description=\"\">\r\n                                <img decoding=\"async\" src=\"\/wp-content\/uploads\/sites\/5\/2019\/05\/Como-prevenir-enfermedades-respiratorias-5-280x420.jpg\" srcset=\"\/wp-content\/uploads\/sites\/5\/2019\/05\/Como-prevenir-enfermedades-respiratorias-5-280x420.jpg 280w, \/wp-content\/uploads\/sites\/5\/2019\/05\/Como-prevenir-enfermedades-respiratorias-5-200x300.jpg 200w, \/wp-content\/uploads\/sites\/5\/2019\/05\/Como-prevenir-enfermedades-respiratorias-5-768x1152.jpg 768w, \/wp-content\/uploads\/sites\/5\/2019\/05\/Como-prevenir-enfermedades-respiratorias-5-682x1024.jpg 682w, \/wp-content\/uploads\/sites\/5\/2019\/05\/Como-prevenir-enfermedades-respiratorias-5-696x1044.jpg 696w, \/wp-content\/uploads\/sites\/5\/2019\/05\/Como-prevenir-enfermedades-respiratorias-5-308x462.jpg 308w, \/wp-content\/uploads\/sites\/5\/2019\/05\/Como-prevenir-enfermedades-respiratorias-5.jpg 853w\" sizes=\"(max-width: 280px) 100vw, 280px\" alt=\"\">\r\n                            <\/a>\r\n                            \r\n                        <\/figure>\r\n                    <\/div>\r\n                    <div class = \"td-slide-item td-item6\">\r\n                        <figure class=\"td-slide-galery-figure td-slide-popup-gallery\">\r\n                            <a class=\"slide-gallery-image-link\" href=\"\/wp-content\/uploads\/sites\/5\/2019\/05\/Como-prevenir-enfermedades-respiratorias-6.jpg\" title=\"Como prevenir enfermedades respiratorias-6\"  data-caption=\"\"  data-description=\"\">\r\n                                <img decoding=\"async\" src=\"\/wp-content\/uploads\/sites\/5\/2019\/05\/Como-prevenir-enfermedades-respiratorias-6-280x420.jpg\" srcset=\"\/wp-content\/uploads\/sites\/5\/2019\/05\/Como-prevenir-enfermedades-respiratorias-6-280x420.jpg 280w, \/wp-content\/uploads\/sites\/5\/2019\/05\/Como-prevenir-enfermedades-respiratorias-6-200x300.jpg 200w, \/wp-content\/uploads\/sites\/5\/2019\/05\/Como-prevenir-enfermedades-respiratorias-6-768x1152.jpg 768w, \/wp-content\/uploads\/sites\/5\/2019\/05\/Como-prevenir-enfermedades-respiratorias-6-682x1024.jpg 682w, \/wp-content\/uploads\/sites\/5\/2019\/05\/Como-prevenir-enfermedades-respiratorias-6-696x1044.jpg 696w, \/wp-content\/uploads\/sites\/5\/2019\/05\/Como-prevenir-enfermedades-respiratorias-6-308x462.jpg 308w, \/wp-content\/uploads\/sites\/5\/2019\/05\/Como-prevenir-enfermedades-respiratorias-6.jpg 853w\" sizes=\"(max-width: 280px) 100vw, 280px\" alt=\"\">\r\n                            <\/a>\r\n                            \r\n                        <\/figure>\r\n                    <\/div>\r\n                    <div class = \"td-slide-item td-item7\">\r\n                        <figure class=\"td-slide-galery-figure td-slide-popup-gallery\">\r\n                            <a class=\"slide-gallery-image-link\" href=\"\/wp-content\/uploads\/sites\/5\/2019\/05\/Como-prevenir-enfermedades-respiratorias-7.jpg\" title=\"Como prevenir enfermedades respiratorias-7\"  data-caption=\"\"  data-description=\"\">\r\n                                <img decoding=\"async\" src=\"\/wp-content\/uploads\/sites\/5\/2019\/05\/Como-prevenir-enfermedades-respiratorias-7-280x420.jpg\" srcset=\"\/wp-content\/uploads\/sites\/5\/2019\/05\/Como-prevenir-enfermedades-respiratorias-7-280x420.jpg 280w, \/wp-content\/uploads\/sites\/5\/2019\/05\/Como-prevenir-enfermedades-respiratorias-7-200x300.jpg 200w, \/wp-content\/uploads\/sites\/5\/2019\/05\/Como-prevenir-enfermedades-respiratorias-7-768x1152.jpg 768w, \/wp-content\/uploads\/sites\/5\/2019\/05\/Como-prevenir-enfermedades-respiratorias-7-682x1024.jpg 682w, \/wp-content\/uploads\/sites\/5\/2019\/05\/Como-prevenir-enfermedades-respiratorias-7-696x1044.jpg 696w, \/wp-content\/uploads\/sites\/5\/2019\/05\/Como-prevenir-enfermedades-respiratorias-7-308x462.jpg 308w, \/wp-content\/uploads\/sites\/5\/2019\/05\/Como-prevenir-enfermedades-respiratorias-7.jpg 853w\" sizes=\"(max-width: 280px) 100vw, 280px\" alt=\"\">\r\n                            <\/a>\r\n                            \r\n                        <\/figure>\r\n                    <\/div>\r\n                    <div class = \"td-slide-item td-item8\">\r\n                        <figure class=\"td-slide-galery-figure td-slide-popup-gallery\">\r\n                            <a class=\"slide-gallery-image-link\" href=\"\/wp-content\/uploads\/sites\/5\/2019\/05\/Como-prevenir-enfermedades-respiratorias-8.jpg\" title=\"Como prevenir enfermedades respiratorias-8\"  data-caption=\"\"  data-description=\"\">\r\n                                <img decoding=\"async\" src=\"\/wp-content\/uploads\/sites\/5\/2019\/05\/Como-prevenir-enfermedades-respiratorias-8-630x420.jpg\" srcset=\"\/wp-content\/uploads\/sites\/5\/2019\/05\/Como-prevenir-enfermedades-respiratorias-8-630x420.jpg 630w, \/wp-content\/uploads\/sites\/5\/2019\/05\/Como-prevenir-enfermedades-respiratorias-8-300x200.jpg 300w, \/wp-content\/uploads\/sites\/5\/2019\/05\/Como-prevenir-enfermedades-respiratorias-8-768x512.jpg 768w, \/wp-content\/uploads\/sites\/5\/2019\/05\/Como-prevenir-enfermedades-respiratorias-8-1024x682.jpg 1024w, \/wp-content\/uploads\/sites\/5\/2019\/05\/Como-prevenir-enfermedades-respiratorias-8-696x464.jpg 696w, \/wp-content\/uploads\/sites\/5\/2019\/05\/Como-prevenir-enfermedades-respiratorias-8-1068x712.jpg 1068w, \/wp-content\/uploads\/sites\/5\/2019\/05\/Como-prevenir-enfermedades-respiratorias-8-534x356.jpg 534w, \/wp-content\/uploads\/sites\/5\/2019\/05\/Como-prevenir-enfermedades-respiratorias-8.jpg 1280w\" sizes=\"(max-width: 630px) 100vw, 630px\" alt=\"\">\r\n                            <\/a>\r\n                            \r\n                        <\/figure>\r\n                    <\/div>\r\n                            <\/div>\r\n                        <\/div>\r\n\r\n                        <div class = \"td-doubleSlider-2\">\r\n                            <div class = \"td-slider\">\r\n                                \r\n                    <div class = \"td-button td-item1\">\r\n                        <div class = \"td-border\"><\/div>\r\n                    <\/div>\r\n                    <div class = \"td-button td-item2\">\r\n                        <div class = \"td-border\"><\/div>\r\n                    <\/div>\r\n                    <div class = \"td-button td-item3\">\r\n                        <div class = \"td-border\"><\/div>\r\n                    <\/div>\r\n                    <div class = \"td-button td-item4\">\r\n                        <div class = \"td-border\"><\/div>\r\n                    <\/div>\r\n                    <div class = \"td-button td-item5\">\r\n                        <div class = \"td-border\"><\/div>\r\n                    <\/div>\r\n                    <div class = \"td-button td-item6\">\r\n                        <div class = \"td-border\"><\/div>\r\n                    <\/div>\r\n                    <div class = \"td-button td-item7\">\r\n                        <div class = \"td-border\"><\/div>\r\n                    <\/div>\r\n                    <div class = \"td-button td-item8\">\r\n                        <div class = \"td-border\"><\/div>\r\n                    <\/div>\r\n                            <\/div>\r\n                        <\/div>\r\n\r\n                    <\/div>\r\n\r\n                <\/div>\r\n                \n<hr \/>\n<p>&nbsp;<\/p>\n","protected":false},"excerpt":{"rendered":"<p>Las afecciones m\u00e1s frecuentes que se registran por cambio brusco de temperatura son los resfriados comunes, laringitis, faringitis, rinitis y asma, las que deben ser tratadas por un especialista para evitar que se produzca una bronquitis o neumon\u00eda, indic\u00f3 la doctora Ana Lilian Sim\u00f3n, neum\u00f3loga del Instituto Guatemalteco de Seguridad Social (IGSS). \u201cDesabrigarse por un [&hellip;]<\/p>\n","protected":false},"author":4,"featured_media":9526,"comment_status":"open","ping_status":"open","sticky":false,"template":"","format":"standard","meta":{"footnotes":""},"categories":[3,29],"tags":[405,490],"coauthors":[],"class_list":{"0":"post-9518","1":"post","2":"type-post","3":"status-publish","4":"format-standard","5":"has-post-thumbnail","7":"category-actualidad","8":"category-publicaciones","9":"tag-enfermedades-respiratorias","10":"tag-igss"},"_links":{"self":[{"href":"https:\/\/www.igssgt.org\/noticias\/wp-json\/wp\/v2\/posts\/9518","targetHints":{"allow":["GET"]}}],"collection":[{"href":"https:\/\/www.igssgt.org\/noticias\/wp-json\/wp\/v2\/posts"}],"about":[{"href":"https:\/\/www.igssgt.org\/noticias\/wp-json\/wp\/v2\/types\/post"}],"author":[{"embeddable":true,"href":"https:\/\/www.igssgt.org\/noticias\/wp-json\/wp\/v2\/users\/4"}],"replies":[{"embeddable":true,"href":"https:\/\/www.igssgt.org\/noticias\/wp-json\/wp\/v2\/comments?post=9518"}],"version-history":[{"count":0,"href":"https:\/\/www.igssgt.org\/noticias\/wp-json\/wp\/v2\/posts\/9518\/revisions"}],"wp:featuredmedia":[{"embeddable":true,"href":"https:\/\/www.igssgt.org\/noticias\/wp-json\/wp\/v2\/media\/9526"}],"wp:attachment":[{"href":"https:\/\/www.igssgt.org\/noticias\/wp-json\/wp\/v2\/media?parent=9518"}],"wp:term":[{"taxonomy":"category","embeddable":true,"href":"https:\/\/www.igssgt.org\/noticias\/wp-json\/wp\/v2\/categories?post=9518"},{"taxonomy":"post_tag","embeddable":true,"href":"https:\/\/www.igssgt.org\/noticias\/wp-json\/wp\/v2\/tags?post=9518"},{"taxonomy":"author","embeddable":true,"href":"https:\/\/www.igssgt.org\/noticias\/wp-json\/wp\/v2\/coauthors?post=9518"}],"curies":[{"name":"wp","href":"https:\/\/api.w.org\/{rel}","templated":true}]}}