{"id":9641,"date":"2019-05-21T12:48:11","date_gmt":"2019-05-21T18:48:11","guid":{"rendered":"http:\/\/noticias.igssgt.org\/?p=9641"},"modified":"2019-09-30T09:18:01","modified_gmt":"2019-09-30T15:18:01","slug":"si-tienes-vocacion-de-servicio-puedes-ser-auxiliar-de-enfermeria","status":"publish","type":"post","link":"https:\/\/www.igssgt.org\/noticias\/2019\/05\/21\/si-tienes-vocacion-de-servicio-puedes-ser-auxiliar-de-enfermeria\/","title":{"rendered":"Si tienes vocaci\u00f3n de servicio puedes ser auxiliar de enfermer\u00eda"},"content":{"rendered":"<p><a href=\"\/noticias\/wp-content\/uploads\/sites\/5\/2019\/05\/auxiliares-enfermeria-igss-convocatoria-2019-3.jpeg\"><img loading=\"lazy\" decoding=\"async\" class=\"alignnone size-full wp-image-9644\" src=\"\/noticias\/wp-content\/uploads\/sites\/5\/2019\/05\/auxiliares-enfermeria-igss-convocatoria-2019-3.jpeg\" alt=\"\" width=\"1024\" height=\"682\" srcset=\"\/wp-content\/uploads\/sites\/5\/2019\/05\/auxiliares-enfermeria-igss-convocatoria-2019-3.jpeg 1024w, \/wp-content\/uploads\/sites\/5\/2019\/05\/auxiliares-enfermeria-igss-convocatoria-2019-3-300x200.jpeg 300w, \/wp-content\/uploads\/sites\/5\/2019\/05\/auxiliares-enfermeria-igss-convocatoria-2019-3-768x512.jpeg 768w, \/wp-content\/uploads\/sites\/5\/2019\/05\/auxiliares-enfermeria-igss-convocatoria-2019-3-631x420.jpeg 631w, \/wp-content\/uploads\/sites\/5\/2019\/05\/auxiliares-enfermeria-igss-convocatoria-2019-3-696x464.jpeg 696w, \/wp-content\/uploads\/sites\/5\/2019\/05\/auxiliares-enfermeria-igss-convocatoria-2019-3-534x356.jpeg 534w\" sizes=\"auto, (max-width: 1024px) 100vw, 1024px\" \/><\/a><\/p>\n<p>La Escuela de Auxiliares de Enfermer\u00eda del Instituto Guatemalteco de Seguridad Social (IGSS) abre sus puertas para que participes en el proceso de selecci\u00f3n para estudiar esta carrera en el ciclo escolar 2020.<\/p>\n<p>Los interesados recibir\u00e1n dos charlas informativas , para lo cual se han programado tres fases: el 14 y 29 de agosto, 12 y 26 de septiembre y el 10 y 24 de octubre.<\/p>\n<figure id=\"attachment_11070\" aria-describedby=\"caption-attachment-11070\" style=\"width: 335px\" class=\"wp-caption alignright\"><a href=\"\/wp-content\/uploads\/sites\/5\/2019\/05\/Informacion-curso-auxiliar-de-enfermeria-igss-2020.jpg\"><img loading=\"lazy\" decoding=\"async\" class=\"wp-image-11070\" src=\"\/wp-content\/uploads\/sites\/5\/2019\/05\/Informacion-curso-auxiliar-de-enfermeria-igss-2020.jpg\" alt=\"\" width=\"335\" height=\"444\" srcset=\"\/wp-content\/uploads\/sites\/5\/2019\/05\/Informacion-curso-auxiliar-de-enfermeria-igss-2020.jpg 923w, \/wp-content\/uploads\/sites\/5\/2019\/05\/Informacion-curso-auxiliar-de-enfermeria-igss-2020-226x300.jpg 226w, \/wp-content\/uploads\/sites\/5\/2019\/05\/Informacion-curso-auxiliar-de-enfermeria-igss-2020-768x1018.jpg 768w, \/wp-content\/uploads\/sites\/5\/2019\/05\/Informacion-curso-auxiliar-de-enfermeria-igss-2020-772x1024.jpg 772w, \/wp-content\/uploads\/sites\/5\/2019\/05\/Informacion-curso-auxiliar-de-enfermeria-igss-2020-317x420.jpg 317w, \/wp-content\/uploads\/sites\/5\/2019\/05\/Informacion-curso-auxiliar-de-enfermeria-igss-2020-696x923.jpg 696w, \/wp-content\/uploads\/sites\/5\/2019\/05\/Informacion-curso-auxiliar-de-enfermeria-igss-2020-348x462.jpg 348w\" sizes=\"auto, (max-width: 335px) 100vw, 335px\" \/><\/a><figcaption id=\"caption-attachment-11070\" class=\"wp-caption-text\">Haz clic para descargar la informaci\u00f3n.<\/figcaption><\/figure>\n<p>\u201cAprovecho la oportunidad para invitar a todos a participar en este proceso el cual les brinda la oportunidad de aspirar a formarse acad\u00e9micamente como auxiliares de enfermer\u00eda. Adem\u00e1s el IGSS les dar\u00e1 la oportunidad de trabajar en alguna de sus unidades del pa\u00eds\u201d, inform\u00f3 la licenciada Alva Janeth Rodr\u00edguez, directora de esta escuela.<\/p>\n<p>La profesional a\u00f1adi\u00f3 que la formaci\u00f3n acad\u00e9mica est\u00e1 basada en competencias te\u00f3ricas y pr\u00e1cticas. Es en la fase de las pr\u00e1cticas que los alumnos ponen en marcha todos los conocimientos adquiridos que forman parte de las funciones de un auxiliar de enfermer\u00eda.<\/p>\n<h4><strong>Tres niveles:<\/strong><\/h4>\n<ol>\n<li>\u00c9nfasis en atenci\u00f3n primaria en salud, atenci\u00f3n comunitaria en los centros de salud, en los que ponen en pr\u00e1ctica los conocimientos en materia de prevenci\u00f3n.<\/li>\n<li>Conocimientos en el manejo de la consulta externa en las unidades m\u00e9dicas del IGSS.<\/li>\n<li>Atenci\u00f3n hospitalaria, emergencia, intensivo, pacientes graves y delicados.<\/li>\n<\/ol>\n<p>\u201cLos cursos son impartidos por personal docente especializado, tanto del Instituto como invitados especiales, quienes tambi\u00e9n fomentan el trato amable y respetuoso para los pacientes\u201d, indic\u00f3 Rodr\u00edguez.<\/p>\n<p>Durante todo el a\u00f1o 2019 se est\u00e1n reforzando a\u00fan m\u00e1s los conocimientos en cuanto a la atenci\u00f3n primaria en salud y el tema de seguridad ocupacional, lo cual ha formado parte del p\u00e9nsum de estudios desde hace m\u00e1s de diez a\u00f1os.<\/p>\n<p>A la fecha se han graduado m\u00e1s de mil auxiliares de enfermer\u00eda, quienes en su mayor\u00eda est\u00e1n laborando en el Seguro Social, pues la instituci\u00f3n les brinda la oportunidad laboral y de crecimiento profesional.<\/p>\n<h4><strong>Requisitos:<\/strong><\/h4>\n<p>Los requisitos para aspirar a ser estudiantes de auxiliar de enfermer\u00eda son: estar comprendidos entre los 18 y 32 a\u00f1os, ser guatemaltecos, estar dispuestos a estudiar a tiempo completo, no haber sido expulsados de alguna escuela formadora, presentar su diploma de tercero b\u00e1sico, matr\u00edculas y sus certificados.<\/p>\n<p>Los interesados deben comunicarse al Departamento de Capacitaci\u00f3n y Desarrollo, de la Subgerencia de Recursos Humanos del IGSS, llamando al PBX: 2412-1224, extensi\u00f3n 83479.<\/p>\n<p>Escuela de Auxiliares de Enfermer\u00eda del IGSS: 5.\u00aa avenida 1-00, zona 13, Ciudad de Guatemala<\/p>\n<p>Correos electr\u00f3nicos: <strong>alva.rodriguez@igssgt.org<\/strong> y <strong>auxiliares.enfermeria@igssgt.org<\/strong><\/p>\n\r\n                <style type=\"text\/css\">\r\n                    \r\n                    #tdi_1  .td-doubleSlider-2 .td-item1 {\r\n                        background: url(\/wp-content\/uploads\/sites\/5\/2019\/05\/auxiliares-enfermeria-igss-convocatoria-2019-5-80x60.jpg) 0 0 no-repeat;\r\n                    }\r\n                    #tdi_1  .td-doubleSlider-2 .td-item2 {\r\n                        background: url(\/wp-content\/uploads\/sites\/5\/2019\/05\/auxiliares-enfermeria-igss-convocatoria-2019-4-80x60.jpeg) 0 0 no-repeat;\r\n                    }\r\n                    #tdi_1  .td-doubleSlider-2 .td-item3 {\r\n                        background: url(\/wp-content\/uploads\/sites\/5\/2019\/05\/auxiliares-enfermeria-igss-convocatoria-2019-3-80x60.jpeg) 0 0 no-repeat;\r\n                    }\r\n                    #tdi_1  .td-doubleSlider-2 .td-item4 {\r\n                        background: url(\/wp-content\/uploads\/sites\/5\/2019\/05\/auxiliares-enfermeria-igss-convocatoria-2019-2-80x60.jpg) 0 0 no-repeat;\r\n                    }\r\n                    #tdi_1  .td-doubleSlider-2 .td-item5 {\r\n                        background: url(\/wp-content\/uploads\/sites\/5\/2019\/05\/auxiliares-enfermeria-igss-convocatoria-2019-1-80x60.jpg) 0 0 no-repeat;\r\n                    }\r\n                    #tdi_1  .td-doubleSlider-2 .td-item6 {\r\n                        background: url(\/wp-content\/uploads\/sites\/5\/2019\/05\/clinica-empresa-jornada-de-vacunacion-igss-2019-3-80x60.jpg) 0 0 no-repeat;\r\n                    }\r\n                    #tdi_1  .td-doubleSlider-2 .td-item7 {\r\n                        background: url(\/wp-content\/uploads\/sites\/5\/2019\/05\/clinica-empresa-jornada-de-vacunacion-igss-2019-7-80x60.jpg) 0 0 no-repeat;\r\n                    }\r\n                    #tdi_1  .td-doubleSlider-2 .td-item8 {\r\n                        background: url(\/wp-content\/uploads\/sites\/5\/2019\/03\/jornada-de-vacunacion-IGSS-Villa-Nueva-2-80x60.jpg) 0 0 no-repeat;\r\n                    }\r\n                    #tdi_1  .td-doubleSlider-2 .td-item9 {\r\n                        background: url(\/wp-content\/uploads\/sites\/5\/2019\/02\/consultas-medicas-en-camip-pamplona-igss-enero-2019-10-80x60.jpg) 0 0 no-repeat;\r\n                    }\r\n                    #tdi_1  .td-doubleSlider-2 .td-item10 {\r\n                        background: url(\/wp-content\/uploads\/sites\/5\/2019\/02\/consultas-medicas-en-camip-pamplona-igss-enero-2019-4-80x60.jpg) 0 0 no-repeat;\r\n                    }\r\n                    #tdi_1  .td-doubleSlider-2 .td-item11 {\r\n                        background: url(\/wp-content\/uploads\/sites\/5\/2019\/01\/Rotavirus-1-80x60.jpeg) 0 0 no-repeat;\r\n                    }\r\n                <\/style>\r\n\r\n                <div id=\"tdi_1\" class=\"td-gallery td-slide-on-2-columns\">\r\n                    <div class=\"post_td_gallery\">\r\n                        <div class=\"td-gallery-slide-top\">\r\n                           <div class=\"td-gallery-title\">Galer\u00eda de Im\u00e1genes<\/div>\r\n\r\n                            <div class=\"td-gallery-controls-wrapper\">\r\n                                <div class=\"td-gallery-slide-count\"><span class=\"td-gallery-slide-item-focus\">1<\/span> de 14<\/div>\r\n                                <div class=\"td-gallery-slide-prev-next-but\">\r\n                                    <i class = \"td-icon-left doubleSliderPrevButton\"><\/i>\r\n                                    <i class = \"td-icon-right doubleSliderNextButton\"><\/i>\r\n                                <\/div>\r\n                            <\/div>\r\n                        <\/div>\r\n\r\n                        <div class = \"td-doubleSlider-1 \">\r\n                            <div class = \"td-slider\">\r\n                                \r\n                    <div class = \"td-slide-item td-item1\">\r\n                        <figure class=\"td-slide-galery-figure td-slide-popup-gallery\">\r\n                            <a class=\"slide-gallery-image-link\" href=\"\/wp-content\/uploads\/sites\/5\/2019\/05\/auxiliares-enfermeria-igss-convocatoria-2019-5.jpg\" title=\"auxiliares enfermeria igss convocatoria 2019-5\"  data-caption=\"\"  data-description=\"\">\r\n                                <img decoding=\"async\" src=\"\/wp-content\/uploads\/sites\/5\/2019\/05\/auxiliares-enfermeria-igss-convocatoria-2019-5-630x420.jpg\" srcset=\"\/wp-content\/uploads\/sites\/5\/2019\/05\/auxiliares-enfermeria-igss-convocatoria-2019-5-630x420.jpg 630w, \/wp-content\/uploads\/sites\/5\/2019\/05\/auxiliares-enfermeria-igss-convocatoria-2019-5-300x200.jpg 300w, \/wp-content\/uploads\/sites\/5\/2019\/05\/auxiliares-enfermeria-igss-convocatoria-2019-5-768x512.jpg 768w, \/wp-content\/uploads\/sites\/5\/2019\/05\/auxiliares-enfermeria-igss-convocatoria-2019-5-1024x682.jpg 1024w, \/wp-content\/uploads\/sites\/5\/2019\/05\/auxiliares-enfermeria-igss-convocatoria-2019-5-696x464.jpg 696w, \/wp-content\/uploads\/sites\/5\/2019\/05\/auxiliares-enfermeria-igss-convocatoria-2019-5-1068x712.jpg 1068w, \/wp-content\/uploads\/sites\/5\/2019\/05\/auxiliares-enfermeria-igss-convocatoria-2019-5-534x356.jpg 534w, \/wp-content\/uploads\/sites\/5\/2019\/05\/auxiliares-enfermeria-igss-convocatoria-2019-5.jpg 1280w\" sizes=\"(max-width: 630px) 100vw, 630px\" alt=\"\">\r\n                            <\/a>\r\n                            \r\n                        <\/figure>\r\n                    <\/div>\r\n                    <div class = \"td-slide-item td-item2\">\r\n                        <figure class=\"td-slide-galery-figure td-slide-popup-gallery\">\r\n                            <a class=\"slide-gallery-image-link\" href=\"\/wp-content\/uploads\/sites\/5\/2019\/05\/auxiliares-enfermeria-igss-convocatoria-2019-4.jpeg\" title=\"auxiliares enfermeria igss convocatoria 2019-4\"  data-caption=\"\"  data-description=\"\">\r\n                                <img decoding=\"async\" src=\"\/wp-content\/uploads\/sites\/5\/2019\/05\/auxiliares-enfermeria-igss-convocatoria-2019-4-631x420.jpeg\" srcset=\"\/wp-content\/uploads\/sites\/5\/2019\/05\/auxiliares-enfermeria-igss-convocatoria-2019-4-631x420.jpeg 631w, \/wp-content\/uploads\/sites\/5\/2019\/05\/auxiliares-enfermeria-igss-convocatoria-2019-4-300x200.jpeg 300w, \/wp-content\/uploads\/sites\/5\/2019\/05\/auxiliares-enfermeria-igss-convocatoria-2019-4-768x512.jpeg 768w, \/wp-content\/uploads\/sites\/5\/2019\/05\/auxiliares-enfermeria-igss-convocatoria-2019-4.jpeg 1024w, \/wp-content\/uploads\/sites\/5\/2019\/05\/auxiliares-enfermeria-igss-convocatoria-2019-4-696x464.jpeg 696w, \/wp-content\/uploads\/sites\/5\/2019\/05\/auxiliares-enfermeria-igss-convocatoria-2019-4-534x356.jpeg 534w\" sizes=\"(max-width: 631px) 100vw, 631px\" alt=\"\">\r\n                            <\/a>\r\n                            \r\n                        <\/figure>\r\n                    <\/div>\r\n                    <div class = \"td-slide-item td-item3\">\r\n                        <figure class=\"td-slide-galery-figure td-slide-popup-gallery\">\r\n                            <a class=\"slide-gallery-image-link\" href=\"\/wp-content\/uploads\/sites\/5\/2019\/05\/auxiliares-enfermeria-igss-convocatoria-2019-3.jpeg\" title=\"auxiliares enfermeria igss convocatoria 2019-3\"  data-caption=\"\"  data-description=\"\">\r\n                                <img decoding=\"async\" src=\"\/wp-content\/uploads\/sites\/5\/2019\/05\/auxiliares-enfermeria-igss-convocatoria-2019-3-631x420.jpeg\" srcset=\"\/wp-content\/uploads\/sites\/5\/2019\/05\/auxiliares-enfermeria-igss-convocatoria-2019-3-631x420.jpeg 631w, \/wp-content\/uploads\/sites\/5\/2019\/05\/auxiliares-enfermeria-igss-convocatoria-2019-3-300x200.jpeg 300w, \/wp-content\/uploads\/sites\/5\/2019\/05\/auxiliares-enfermeria-igss-convocatoria-2019-3-768x512.jpeg 768w, \/wp-content\/uploads\/sites\/5\/2019\/05\/auxiliares-enfermeria-igss-convocatoria-2019-3.jpeg 1024w, \/wp-content\/uploads\/sites\/5\/2019\/05\/auxiliares-enfermeria-igss-convocatoria-2019-3-696x464.jpeg 696w, \/wp-content\/uploads\/sites\/5\/2019\/05\/auxiliares-enfermeria-igss-convocatoria-2019-3-534x356.jpeg 534w\" sizes=\"(max-width: 631px) 100vw, 631px\" alt=\"\">\r\n                            <\/a>\r\n                            \r\n                        <\/figure>\r\n                    <\/div>\r\n                    <div class = \"td-slide-item td-item4\">\r\n                        <figure class=\"td-slide-galery-figure td-slide-popup-gallery\">\r\n                            <a class=\"slide-gallery-image-link\" href=\"\/wp-content\/uploads\/sites\/5\/2019\/05\/auxiliares-enfermeria-igss-convocatoria-2019-2.jpg\" title=\"auxiliares enfermeria igss convocatoria 2019-2\"  data-caption=\"\"  data-description=\"\">\r\n                                <img decoding=\"async\" src=\"\/wp-content\/uploads\/sites\/5\/2019\/05\/auxiliares-enfermeria-igss-convocatoria-2019-2-630x420.jpg\" srcset=\"\/wp-content\/uploads\/sites\/5\/2019\/05\/auxiliares-enfermeria-igss-convocatoria-2019-2-630x420.jpg 630w, \/wp-content\/uploads\/sites\/5\/2019\/05\/auxiliares-enfermeria-igss-convocatoria-2019-2-300x200.jpg 300w, \/wp-content\/uploads\/sites\/5\/2019\/05\/auxiliares-enfermeria-igss-convocatoria-2019-2-768x512.jpg 768w, \/wp-content\/uploads\/sites\/5\/2019\/05\/auxiliares-enfermeria-igss-convocatoria-2019-2-1024x682.jpg 1024w, \/wp-content\/uploads\/sites\/5\/2019\/05\/auxiliares-enfermeria-igss-convocatoria-2019-2-696x464.jpg 696w, \/wp-content\/uploads\/sites\/5\/2019\/05\/auxiliares-enfermeria-igss-convocatoria-2019-2-1068x712.jpg 1068w, \/wp-content\/uploads\/sites\/5\/2019\/05\/auxiliares-enfermeria-igss-convocatoria-2019-2-534x356.jpg 534w, \/wp-content\/uploads\/sites\/5\/2019\/05\/auxiliares-enfermeria-igss-convocatoria-2019-2.jpg 1280w\" sizes=\"(max-width: 630px) 100vw, 630px\" alt=\"\">\r\n                            <\/a>\r\n                            \r\n                        <\/figure>\r\n                    <\/div>\r\n                    <div class = \"td-slide-item td-item5\">\r\n                        <figure class=\"td-slide-galery-figure td-slide-popup-gallery\">\r\n                            <a class=\"slide-gallery-image-link\" href=\"\/wp-content\/uploads\/sites\/5\/2019\/05\/auxiliares-enfermeria-igss-convocatoria-2019-1.jpg\" title=\"auxiliares enfermeria igss convocatoria 2019-1\"  data-caption=\"\"  data-description=\"\">\r\n                                <img decoding=\"async\" src=\"\/wp-content\/uploads\/sites\/5\/2019\/05\/auxiliares-enfermeria-igss-convocatoria-2019-1-630x420.jpg\" srcset=\"\/wp-content\/uploads\/sites\/5\/2019\/05\/auxiliares-enfermeria-igss-convocatoria-2019-1-630x420.jpg 630w, \/wp-content\/uploads\/sites\/5\/2019\/05\/auxiliares-enfermeria-igss-convocatoria-2019-1-300x200.jpg 300w, \/wp-content\/uploads\/sites\/5\/2019\/05\/auxiliares-enfermeria-igss-convocatoria-2019-1-768x512.jpg 768w, \/wp-content\/uploads\/sites\/5\/2019\/05\/auxiliares-enfermeria-igss-convocatoria-2019-1-1024x682.jpg 1024w, \/wp-content\/uploads\/sites\/5\/2019\/05\/auxiliares-enfermeria-igss-convocatoria-2019-1-696x464.jpg 696w, \/wp-content\/uploads\/sites\/5\/2019\/05\/auxiliares-enfermeria-igss-convocatoria-2019-1-1068x712.jpg 1068w, \/wp-content\/uploads\/sites\/5\/2019\/05\/auxiliares-enfermeria-igss-convocatoria-2019-1-534x356.jpg 534w, \/wp-content\/uploads\/sites\/5\/2019\/05\/auxiliares-enfermeria-igss-convocatoria-2019-1.jpg 1280w\" sizes=\"(max-width: 630px) 100vw, 630px\" alt=\"\">\r\n                            <\/a>\r\n                            \r\n                        <\/figure>\r\n                    <\/div>\r\n                    <div class = \"td-slide-item td-item6\">\r\n                        <figure class=\"td-slide-galery-figure td-slide-popup-gallery\">\r\n                            <a class=\"slide-gallery-image-link\" href=\"\/wp-content\/uploads\/sites\/5\/2019\/05\/clinica-empresa-jornada-de-vacunacion-igss-2019-3.jpg\" title=\"clinica empresa jornada de vacunacion igss 2019-3\"  data-caption=\"\"  data-description=\"\">\r\n                                <img decoding=\"async\" src=\"\/wp-content\/uploads\/sites\/5\/2019\/05\/clinica-empresa-jornada-de-vacunacion-igss-2019-3-630x420.jpg\" srcset=\"\/wp-content\/uploads\/sites\/5\/2019\/05\/clinica-empresa-jornada-de-vacunacion-igss-2019-3-630x420.jpg 630w, \/wp-content\/uploads\/sites\/5\/2019\/05\/clinica-empresa-jornada-de-vacunacion-igss-2019-3-300x200.jpg 300w, \/wp-content\/uploads\/sites\/5\/2019\/05\/clinica-empresa-jornada-de-vacunacion-igss-2019-3-768x512.jpg 768w, \/wp-content\/uploads\/sites\/5\/2019\/05\/clinica-empresa-jornada-de-vacunacion-igss-2019-3-1024x682.jpg 1024w, \/wp-content\/uploads\/sites\/5\/2019\/05\/clinica-empresa-jornada-de-vacunacion-igss-2019-3-696x464.jpg 696w, \/wp-content\/uploads\/sites\/5\/2019\/05\/clinica-empresa-jornada-de-vacunacion-igss-2019-3-1068x712.jpg 1068w, \/wp-content\/uploads\/sites\/5\/2019\/05\/clinica-empresa-jornada-de-vacunacion-igss-2019-3-534x356.jpg 534w, \/wp-content\/uploads\/sites\/5\/2019\/05\/clinica-empresa-jornada-de-vacunacion-igss-2019-3.jpg 1280w\" sizes=\"(max-width: 630px) 100vw, 630px\" alt=\"\">\r\n                            <\/a>\r\n                            \r\n                        <\/figure>\r\n                    <\/div>\r\n                    <div class = \"td-slide-item td-item7\">\r\n                        <figure class=\"td-slide-galery-figure td-slide-popup-gallery\">\r\n                            <a class=\"slide-gallery-image-link\" href=\"\/wp-content\/uploads\/sites\/5\/2019\/05\/clinica-empresa-jornada-de-vacunacion-igss-2019-7.jpg\" title=\"clinica empresa jornada de vacunacion igss 2019-7\"  data-caption=\"\"  data-description=\"\">\r\n                                <img decoding=\"async\" src=\"\/wp-content\/uploads\/sites\/5\/2019\/05\/clinica-empresa-jornada-de-vacunacion-igss-2019-7-630x420.jpg\" srcset=\"\/wp-content\/uploads\/sites\/5\/2019\/05\/clinica-empresa-jornada-de-vacunacion-igss-2019-7-630x420.jpg 630w, \/wp-content\/uploads\/sites\/5\/2019\/05\/clinica-empresa-jornada-de-vacunacion-igss-2019-7-300x200.jpg 300w, \/wp-content\/uploads\/sites\/5\/2019\/05\/clinica-empresa-jornada-de-vacunacion-igss-2019-7-768x512.jpg 768w, \/wp-content\/uploads\/sites\/5\/2019\/05\/clinica-empresa-jornada-de-vacunacion-igss-2019-7-1024x682.jpg 1024w, \/wp-content\/uploads\/sites\/5\/2019\/05\/clinica-empresa-jornada-de-vacunacion-igss-2019-7-696x464.jpg 696w, \/wp-content\/uploads\/sites\/5\/2019\/05\/clinica-empresa-jornada-de-vacunacion-igss-2019-7-1068x712.jpg 1068w, \/wp-content\/uploads\/sites\/5\/2019\/05\/clinica-empresa-jornada-de-vacunacion-igss-2019-7-534x356.jpg 534w, \/wp-content\/uploads\/sites\/5\/2019\/05\/clinica-empresa-jornada-de-vacunacion-igss-2019-7.jpg 1280w\" sizes=\"(max-width: 630px) 100vw, 630px\" alt=\"\">\r\n                            <\/a>\r\n                            \r\n                        <\/figure>\r\n                    <\/div>\r\n                    <div class = \"td-slide-item td-item8\">\r\n                        <figure class=\"td-slide-galery-figure td-slide-popup-gallery\">\r\n                            <a class=\"slide-gallery-image-link\" href=\"\/wp-content\/uploads\/sites\/5\/2019\/03\/jornada-de-vacunacion-IGSS-Villa-Nueva-2.jpg\" title=\"dav\"  data-caption=\"dav\"  data-description=\"\">\r\n                                <img decoding=\"async\" src=\"\/wp-content\/uploads\/sites\/5\/2019\/03\/jornada-de-vacunacion-IGSS-Villa-Nueva-2-315x420.jpg\" srcset=\"\/wp-content\/uploads\/sites\/5\/2019\/03\/jornada-de-vacunacion-IGSS-Villa-Nueva-2-315x420.jpg 315w, \/wp-content\/uploads\/sites\/5\/2019\/03\/jornada-de-vacunacion-IGSS-Villa-Nueva-2-225x300.jpg 225w, \/wp-content\/uploads\/sites\/5\/2019\/03\/jornada-de-vacunacion-IGSS-Villa-Nueva-2-347x462.jpg 347w, \/wp-content\/uploads\/sites\/5\/2019\/03\/jornada-de-vacunacion-IGSS-Villa-Nueva-2.jpg 450w\" sizes=\"(max-width: 315px) 100vw, 315px\" alt=\"\">\r\n                            <\/a>\r\n                            <figcaption class = \"td-slide-caption td-gallery-slide-content\"><div class = \"td-gallery-slide-copywrite\">dav<\/div><\/figcaption>\r\n                        <\/figure>\r\n                    <\/div>\r\n                    <div class = \"td-slide-item td-item9\">\r\n                        <figure class=\"td-slide-galery-figure td-slide-popup-gallery\">\r\n                            <a class=\"slide-gallery-image-link\" href=\"\/wp-content\/uploads\/sites\/5\/2019\/02\/consultas-medicas-en-camip-pamplona-igss-enero-2019-10.jpg\" title=\"consultas medicas en camip pamplona igss enero 2019-10\"  data-caption=\"\"  data-description=\"\">\r\n                                <img decoding=\"async\" src=\"\/wp-content\/uploads\/sites\/5\/2019\/02\/consultas-medicas-en-camip-pamplona-igss-enero-2019-10-630x420.jpg\" srcset=\"\/wp-content\/uploads\/sites\/5\/2019\/02\/consultas-medicas-en-camip-pamplona-igss-enero-2019-10-630x420.jpg 630w, \/wp-content\/uploads\/sites\/5\/2019\/02\/consultas-medicas-en-camip-pamplona-igss-enero-2019-10-1536x1024.jpg 1536w, \/wp-content\/uploads\/sites\/5\/2019\/02\/consultas-medicas-en-camip-pamplona-igss-enero-2019-10-300x200.jpg 300w, \/wp-content\/uploads\/sites\/5\/2019\/02\/consultas-medicas-en-camip-pamplona-igss-enero-2019-10-768x512.jpg 768w, \/wp-content\/uploads\/sites\/5\/2019\/02\/consultas-medicas-en-camip-pamplona-igss-enero-2019-10-1024x682.jpg 1024w, \/wp-content\/uploads\/sites\/5\/2019\/02\/consultas-medicas-en-camip-pamplona-igss-enero-2019-10-696x464.jpg 696w, \/wp-content\/uploads\/sites\/5\/2019\/02\/consultas-medicas-en-camip-pamplona-igss-enero-2019-10-1068x712.jpg 1068w, \/wp-content\/uploads\/sites\/5\/2019\/02\/consultas-medicas-en-camip-pamplona-igss-enero-2019-10-534x356.jpg 534w, \/wp-content\/uploads\/sites\/5\/2019\/02\/consultas-medicas-en-camip-pamplona-igss-enero-2019-10-1920x1280.jpg 1920w, \/wp-content\/uploads\/sites\/5\/2019\/02\/consultas-medicas-en-camip-pamplona-igss-enero-2019-10.jpg 2000w\" sizes=\"(max-width: 630px) 100vw, 630px\" alt=\"\">\r\n                            <\/a>\r\n                            \r\n                        <\/figure>\r\n                    <\/div>\r\n                    <div class = \"td-slide-item td-item10\">\r\n                        <figure class=\"td-slide-galery-figure td-slide-popup-gallery\">\r\n                            <a class=\"slide-gallery-image-link\" href=\"\/wp-content\/uploads\/sites\/5\/2019\/02\/consultas-medicas-en-camip-pamplona-igss-enero-2019-4.jpg\" title=\"consultas medicas en camip pamplona igss enero 2019-4\"  data-caption=\"\"  data-description=\"\">\r\n                                <img decoding=\"async\" src=\"\/wp-content\/uploads\/sites\/5\/2019\/02\/consultas-medicas-en-camip-pamplona-igss-enero-2019-4-630x420.jpg\" srcset=\"\/wp-content\/uploads\/sites\/5\/2019\/02\/consultas-medicas-en-camip-pamplona-igss-enero-2019-4-630x420.jpg 630w, \/wp-content\/uploads\/sites\/5\/2019\/02\/consultas-medicas-en-camip-pamplona-igss-enero-2019-4-1536x1024.jpg 1536w, \/wp-content\/uploads\/sites\/5\/2019\/02\/consultas-medicas-en-camip-pamplona-igss-enero-2019-4-300x200.jpg 300w, \/wp-content\/uploads\/sites\/5\/2019\/02\/consultas-medicas-en-camip-pamplona-igss-enero-2019-4-768x512.jpg 768w, \/wp-content\/uploads\/sites\/5\/2019\/02\/consultas-medicas-en-camip-pamplona-igss-enero-2019-4-1024x682.jpg 1024w, \/wp-content\/uploads\/sites\/5\/2019\/02\/consultas-medicas-en-camip-pamplona-igss-enero-2019-4-696x464.jpg 696w, \/wp-content\/uploads\/sites\/5\/2019\/02\/consultas-medicas-en-camip-pamplona-igss-enero-2019-4-1068x712.jpg 1068w, \/wp-content\/uploads\/sites\/5\/2019\/02\/consultas-medicas-en-camip-pamplona-igss-enero-2019-4-534x356.jpg 534w, \/wp-content\/uploads\/sites\/5\/2019\/02\/consultas-medicas-en-camip-pamplona-igss-enero-2019-4-1920x1280.jpg 1920w, \/wp-content\/uploads\/sites\/5\/2019\/02\/consultas-medicas-en-camip-pamplona-igss-enero-2019-4.jpg 2000w\" sizes=\"(max-width: 630px) 100vw, 630px\" alt=\"\">\r\n                            <\/a>\r\n                            \r\n                        <\/figure>\r\n                    <\/div>\r\n                    <div class = \"td-slide-item td-item11\">\r\n                        <figure class=\"td-slide-galery-figure td-slide-popup-gallery\">\r\n                            <a class=\"slide-gallery-image-link\" href=\"\/wp-content\/uploads\/sites\/5\/2019\/01\/Rotavirus-1.jpeg\" title=\"Rotavirus 1\"  data-caption=\"\"  data-description=\"\">\r\n                                <img decoding=\"async\" src=\"\/wp-content\/uploads\/sites\/5\/2019\/01\/Rotavirus-1-630x420.jpeg\" srcset=\"\/wp-content\/uploads\/sites\/5\/2019\/01\/Rotavirus-1-630x420.jpeg 630w, \/wp-content\/uploads\/sites\/5\/2019\/01\/Rotavirus-1-300x200.jpeg 300w, \/wp-content\/uploads\/sites\/5\/2019\/01\/Rotavirus-1-768x512.jpeg 768w, \/wp-content\/uploads\/sites\/5\/2019\/01\/Rotavirus-1-1024x682.jpeg 1024w, \/wp-content\/uploads\/sites\/5\/2019\/01\/Rotavirus-1-696x464.jpeg 696w, \/wp-content\/uploads\/sites\/5\/2019\/01\/Rotavirus-1-1068x712.jpeg 1068w, \/wp-content\/uploads\/sites\/5\/2019\/01\/Rotavirus-1-534x356.jpeg 534w, \/wp-content\/uploads\/sites\/5\/2019\/01\/Rotavirus-1.jpeg 1280w\" sizes=\"(max-width: 630px) 100vw, 630px\" alt=\"\">\r\n                            <\/a>\r\n                            \r\n                        <\/figure>\r\n                    <\/div>\r\n                            <\/div>\r\n                        <\/div>\r\n\r\n                        <div class = \"td-doubleSlider-2\">\r\n                            <div class = \"td-slider\">\r\n                                \r\n                    <div class = \"td-button td-item1\">\r\n                        <div class = \"td-border\"><\/div>\r\n                    <\/div>\r\n                    <div class = \"td-button td-item2\">\r\n                        <div class = \"td-border\"><\/div>\r\n                    <\/div>\r\n                    <div class = \"td-button td-item3\">\r\n                        <div class = \"td-border\"><\/div>\r\n                    <\/div>\r\n                    <div class = \"td-button td-item4\">\r\n                        <div class = \"td-border\"><\/div>\r\n                    <\/div>\r\n                    <div class = \"td-button td-item5\">\r\n                        <div class = \"td-border\"><\/div>\r\n                    <\/div>\r\n                    <div class = \"td-button td-item6\">\r\n                        <div class = \"td-border\"><\/div>\r\n                    <\/div>\r\n                    <div class = \"td-button td-item7\">\r\n                        <div class = \"td-border\"><\/div>\r\n                    <\/div>\r\n                    <div class = \"td-button td-item8\">\r\n                        <div class = \"td-border\"><\/div>\r\n                    <\/div>\r\n                    <div class = \"td-button td-item9\">\r\n                        <div class = \"td-border\"><\/div>\r\n                    <\/div>\r\n                    <div class = \"td-button td-item10\">\r\n                        <div class = \"td-border\"><\/div>\r\n                    <\/div>\r\n                    <div class = \"td-button td-item11\">\r\n                        <div class = \"td-border\"><\/div>\r\n                    <\/div>\r\n                            <\/div>\r\n                        <\/div>\r\n\r\n                    <\/div>\r\n\r\n                <\/div>\r\n                \n<hr \/>\n","protected":false},"excerpt":{"rendered":"<p>La Escuela de Auxiliares de Enfermer\u00eda del Instituto Guatemalteco de Seguridad Social (IGSS) abre sus puertas para que participes en el proceso de selecci\u00f3n para estudiar esta carrera en el ciclo escolar 2020. Los interesados recibir\u00e1n dos charlas informativas , para lo cual se han programado tres fases: el 14 y 29 de agosto, 12 [&hellip;]<\/p>\n","protected":false},"author":4,"featured_media":9642,"comment_status":"open","ping_status":"open","sticky":false,"template":"","format":"standard","meta":{"footnotes":""},"categories":[3,29],"tags":[130,415,490],"coauthors":[881],"class_list":{"0":"post-9641","1":"post","2":"type-post","3":"status-publish","4":"format-standard","5":"has-post-thumbnail","7":"category-actualidad","8":"category-publicaciones","9":"tag-auxiliares-de-enfermeria","10":"tag-escuela-de-auxiliares-de-enfermeria","11":"tag-igss"},"_links":{"self":[{"href":"https:\/\/www.igssgt.org\/noticias\/wp-json\/wp\/v2\/posts\/9641","targetHints":{"allow":["GET"]}}],"collection":[{"href":"https:\/\/www.igssgt.org\/noticias\/wp-json\/wp\/v2\/posts"}],"about":[{"href":"https:\/\/www.igssgt.org\/noticias\/wp-json\/wp\/v2\/types\/post"}],"author":[{"embeddable":true,"href":"https:\/\/www.igssgt.org\/noticias\/wp-json\/wp\/v2\/users\/4"}],"replies":[{"embeddable":true,"href":"https:\/\/www.igssgt.org\/noticias\/wp-json\/wp\/v2\/comments?post=9641"}],"version-history":[{"count":4,"href":"https:\/\/www.igssgt.org\/noticias\/wp-json\/wp\/v2\/posts\/9641\/revisions"}],"predecessor-version":[{"id":12207,"href":"https:\/\/www.igssgt.org\/noticias\/wp-json\/wp\/v2\/posts\/9641\/revisions\/12207"}],"wp:featuredmedia":[{"embeddable":true,"href":"https:\/\/www.igssgt.org\/noticias\/wp-json\/wp\/v2\/media\/9642"}],"wp:attachment":[{"href":"https:\/\/www.igssgt.org\/noticias\/wp-json\/wp\/v2\/media?parent=9641"}],"wp:term":[{"taxonomy":"category","embeddable":true,"href":"https:\/\/www.igssgt.org\/noticias\/wp-json\/wp\/v2\/categories?post=9641"},{"taxonomy":"post_tag","embeddable":true,"href":"https:\/\/www.igssgt.org\/noticias\/wp-json\/wp\/v2\/tags?post=9641"},{"taxonomy":"author","embeddable":true,"href":"https:\/\/www.igssgt.org\/noticias\/wp-json\/wp\/v2\/coauthors?post=9641"}],"curies":[{"name":"wp","href":"https:\/\/api.w.org\/{rel}","templated":true}]}}