{"id":9651,"date":"2019-05-22T15:30:29","date_gmt":"2019-05-22T21:30:29","guid":{"rendered":"http:\/\/noticias.igssgt.org\/?p=9651"},"modified":"2019-05-22T15:30:29","modified_gmt":"2019-05-22T21:30:29","slug":"inauguran-clinica-de-protesis-odontologica-en-periferica-zona-11","status":"publish","type":"post","link":"https:\/\/www.igssgt.org\/noticias\/2019\/05\/22\/inauguran-clinica-de-protesis-odontologica-en-periferica-zona-11\/","title":{"rendered":"Inauguran cl\u00ednica de pr\u00f3tesis odontol\u00f3gica en Perif\u00e9rica Zona 11"},"content":{"rendered":"<p>Como parte de la ampliaci\u00f3n de los servicios en beneficio de los derechohabientes hoy fue inaugurada la Cl\u00ednica de Pr\u00f3tesis Odontol\u00f3gica en la Unidad Perif\u00e9rica de la zona 11 del Instituto Guatemalteco de Seguridad Social (IGSS), la cual beneficiar\u00e1 a los afiliados que sufran accidentes y a los trabajadores de esta unidad.<\/p>\n<p>\u201cEl servicio es exclusivo para los derechohabientes que lleguen en caso de accidente. Con el funcionamiento de esta nueva cl\u00ednica, se ayudar\u00e1 a descongestionar la demanda que existe en las cl\u00ednicas dentales de la Policl\u00ednica zona 1 y de la Unidad Perif\u00e9rica de la zona 5\u201d, resalt\u00f3 la doctora Lidia Patricia Ponce, coordinadora de cl\u00ednicas odontol\u00f3gicas de esa perif\u00e9rica.<\/p>\n<p>En la nueva cl\u00ednica se brindar\u00e1n los servicios de atenci\u00f3n a pr\u00f3tesis, fijas, m\u00f3viles y rayos X, entre otros, seg\u00fan sea el caso referido por la unidad odontol\u00f3gica.<\/p>\n<p>Los asistentes recibieron una inducci\u00f3n de los procesos para acceder a dicha cobertura en la nueva cl\u00ednica que cuenta con equipamiento de \u00faltima generaci\u00f3n y una m\u00e1quina de rayos X port\u00e1til, la que ser\u00e1 habilitada a partir del 3 de junio de 2019.<\/p>\n\r\n                <style type=\"text\/css\">\r\n                    \r\n                    #tdi_1  .td-doubleSlider-2 .td-item1 {\r\n                        background: url(\/wp-content\/uploads\/sites\/5\/2019\/05\/inauguracion-clinica-de-protesis-odontologica-periferica-zona-11-1-80x60.jpg) 0 0 no-repeat;\r\n                    }\r\n                    #tdi_1  .td-doubleSlider-2 .td-item2 {\r\n                        background: url(\/wp-content\/uploads\/sites\/5\/2019\/05\/inauguracion-clinica-de-protesis-odontologica-periferica-zona-11-2-80x60.jpg) 0 0 no-repeat;\r\n                    }\r\n                    #tdi_1  .td-doubleSlider-2 .td-item3 {\r\n                        background: url(\/wp-content\/uploads\/sites\/5\/2019\/05\/inauguracion-clinica-de-protesis-odontologica-periferica-zona-11-3-80x60.jpg) 0 0 no-repeat;\r\n                    }\r\n                    #tdi_1  .td-doubleSlider-2 .td-item4 {\r\n                        background: url(\/wp-content\/uploads\/sites\/5\/2019\/05\/inauguracion-clinica-de-protesis-odontologica-periferica-zona-11-4-80x60.jpg) 0 0 no-repeat;\r\n                    }\r\n                    #tdi_1  .td-doubleSlider-2 .td-item5 {\r\n                        background: url(\/wp-content\/uploads\/sites\/5\/2019\/05\/inauguracion-clinica-de-protesis-odontologica-periferica-zona-11-5-80x60.jpg) 0 0 no-repeat;\r\n                    }\r\n                <\/style>\r\n\r\n                <div id=\"tdi_1\" class=\"td-gallery td-slide-on-2-columns\">\r\n                    <div class=\"post_td_gallery\">\r\n                        <div class=\"td-gallery-slide-top\">\r\n                           <div class=\"td-gallery-title\">Galer\u00eda de Im\u00e1genes<\/div>\r\n\r\n                            <div class=\"td-gallery-controls-wrapper\">\r\n                                <div class=\"td-gallery-slide-count\"><span class=\"td-gallery-slide-item-focus\">1<\/span> de 5<\/div>\r\n                                <div class=\"td-gallery-slide-prev-next-but\">\r\n                                    <i class = \"td-icon-left doubleSliderPrevButton\"><\/i>\r\n                                    <i class = \"td-icon-right doubleSliderNextButton\"><\/i>\r\n                                <\/div>\r\n                            <\/div>\r\n                        <\/div>\r\n\r\n                        <div class = \"td-doubleSlider-1 \">\r\n                            <div class = \"td-slider\">\r\n                                \r\n                    <div class = \"td-slide-item td-item1\">\r\n                        <figure class=\"td-slide-galery-figure td-slide-popup-gallery\">\r\n                            <a class=\"slide-gallery-image-link\" href=\"\/wp-content\/uploads\/sites\/5\/2019\/05\/inauguracion-clinica-de-protesis-odontologica-periferica-zona-11-1.jpg\" title=\"inauguracion clinica de protesis odontologica periferica zona 11-1\"  data-caption=\"\"  data-description=\"\">\r\n                                <img decoding=\"async\" src=\"\/wp-content\/uploads\/sites\/5\/2019\/05\/inauguracion-clinica-de-protesis-odontologica-periferica-zona-11-1-630x420.jpg\" srcset=\"\/wp-content\/uploads\/sites\/5\/2019\/05\/inauguracion-clinica-de-protesis-odontologica-periferica-zona-11-1-630x420.jpg 630w, \/wp-content\/uploads\/sites\/5\/2019\/05\/inauguracion-clinica-de-protesis-odontologica-periferica-zona-11-1-300x200.jpg 300w, \/wp-content\/uploads\/sites\/5\/2019\/05\/inauguracion-clinica-de-protesis-odontologica-periferica-zona-11-1-768x512.jpg 768w, \/wp-content\/uploads\/sites\/5\/2019\/05\/inauguracion-clinica-de-protesis-odontologica-periferica-zona-11-1-1024x682.jpg 1024w, \/wp-content\/uploads\/sites\/5\/2019\/05\/inauguracion-clinica-de-protesis-odontologica-periferica-zona-11-1-696x464.jpg 696w, \/wp-content\/uploads\/sites\/5\/2019\/05\/inauguracion-clinica-de-protesis-odontologica-periferica-zona-11-1-1068x712.jpg 1068w, \/wp-content\/uploads\/sites\/5\/2019\/05\/inauguracion-clinica-de-protesis-odontologica-periferica-zona-11-1-534x356.jpg 534w, \/wp-content\/uploads\/sites\/5\/2019\/05\/inauguracion-clinica-de-protesis-odontologica-periferica-zona-11-1.jpg 1280w\" sizes=\"(max-width: 630px) 100vw, 630px\" alt=\"\">\r\n                            <\/a>\r\n                            \r\n                        <\/figure>\r\n                    <\/div>\r\n                    <div class = \"td-slide-item td-item2\">\r\n                        <figure class=\"td-slide-galery-figure td-slide-popup-gallery\">\r\n                            <a class=\"slide-gallery-image-link\" href=\"\/wp-content\/uploads\/sites\/5\/2019\/05\/inauguracion-clinica-de-protesis-odontologica-periferica-zona-11-2.jpg\" title=\"inauguracion clinica de protesis odontologica periferica zona 11-2\"  data-caption=\"\"  data-description=\"\">\r\n                                <img decoding=\"async\" src=\"\/wp-content\/uploads\/sites\/5\/2019\/05\/inauguracion-clinica-de-protesis-odontologica-periferica-zona-11-2-630x420.jpg\" srcset=\"\/wp-content\/uploads\/sites\/5\/2019\/05\/inauguracion-clinica-de-protesis-odontologica-periferica-zona-11-2-630x420.jpg 630w, \/wp-content\/uploads\/sites\/5\/2019\/05\/inauguracion-clinica-de-protesis-odontologica-periferica-zona-11-2-300x200.jpg 300w, \/wp-content\/uploads\/sites\/5\/2019\/05\/inauguracion-clinica-de-protesis-odontologica-periferica-zona-11-2-768x512.jpg 768w, \/wp-content\/uploads\/sites\/5\/2019\/05\/inauguracion-clinica-de-protesis-odontologica-periferica-zona-11-2-1024x682.jpg 1024w, \/wp-content\/uploads\/sites\/5\/2019\/05\/inauguracion-clinica-de-protesis-odontologica-periferica-zona-11-2-696x464.jpg 696w, \/wp-content\/uploads\/sites\/5\/2019\/05\/inauguracion-clinica-de-protesis-odontologica-periferica-zona-11-2-1068x712.jpg 1068w, \/wp-content\/uploads\/sites\/5\/2019\/05\/inauguracion-clinica-de-protesis-odontologica-periferica-zona-11-2-534x356.jpg 534w, \/wp-content\/uploads\/sites\/5\/2019\/05\/inauguracion-clinica-de-protesis-odontologica-periferica-zona-11-2.jpg 1280w\" sizes=\"(max-width: 630px) 100vw, 630px\" alt=\"\">\r\n                            <\/a>\r\n                            \r\n                        <\/figure>\r\n                    <\/div>\r\n                    <div class = \"td-slide-item td-item3\">\r\n                        <figure class=\"td-slide-galery-figure td-slide-popup-gallery\">\r\n                            <a class=\"slide-gallery-image-link\" href=\"\/wp-content\/uploads\/sites\/5\/2019\/05\/inauguracion-clinica-de-protesis-odontologica-periferica-zona-11-3.jpg\" title=\"inauguracion clinica de protesis odontologica periferica zona 11-3\"  data-caption=\"\"  data-description=\"\">\r\n                                <img decoding=\"async\" src=\"\/wp-content\/uploads\/sites\/5\/2019\/05\/inauguracion-clinica-de-protesis-odontologica-periferica-zona-11-3-630x420.jpg\" srcset=\"\/wp-content\/uploads\/sites\/5\/2019\/05\/inauguracion-clinica-de-protesis-odontologica-periferica-zona-11-3-630x420.jpg 630w, \/wp-content\/uploads\/sites\/5\/2019\/05\/inauguracion-clinica-de-protesis-odontologica-periferica-zona-11-3-300x200.jpg 300w, \/wp-content\/uploads\/sites\/5\/2019\/05\/inauguracion-clinica-de-protesis-odontologica-periferica-zona-11-3-768x512.jpg 768w, \/wp-content\/uploads\/sites\/5\/2019\/05\/inauguracion-clinica-de-protesis-odontologica-periferica-zona-11-3-1024x682.jpg 1024w, \/wp-content\/uploads\/sites\/5\/2019\/05\/inauguracion-clinica-de-protesis-odontologica-periferica-zona-11-3-696x464.jpg 696w, \/wp-content\/uploads\/sites\/5\/2019\/05\/inauguracion-clinica-de-protesis-odontologica-periferica-zona-11-3-1068x712.jpg 1068w, \/wp-content\/uploads\/sites\/5\/2019\/05\/inauguracion-clinica-de-protesis-odontologica-periferica-zona-11-3-534x356.jpg 534w, \/wp-content\/uploads\/sites\/5\/2019\/05\/inauguracion-clinica-de-protesis-odontologica-periferica-zona-11-3.jpg 1280w\" sizes=\"(max-width: 630px) 100vw, 630px\" alt=\"\">\r\n                            <\/a>\r\n                            \r\n                        <\/figure>\r\n                    <\/div>\r\n                    <div class = \"td-slide-item td-item4\">\r\n                        <figure class=\"td-slide-galery-figure td-slide-popup-gallery\">\r\n                            <a class=\"slide-gallery-image-link\" href=\"\/wp-content\/uploads\/sites\/5\/2019\/05\/inauguracion-clinica-de-protesis-odontologica-periferica-zona-11-4.jpg\" title=\"inauguracion clinica de protesis odontologica periferica zona 11-4\"  data-caption=\"\"  data-description=\"\">\r\n                                <img decoding=\"async\" src=\"\/wp-content\/uploads\/sites\/5\/2019\/05\/inauguracion-clinica-de-protesis-odontologica-periferica-zona-11-4-630x420.jpg\" srcset=\"\/wp-content\/uploads\/sites\/5\/2019\/05\/inauguracion-clinica-de-protesis-odontologica-periferica-zona-11-4-630x420.jpg 630w, \/wp-content\/uploads\/sites\/5\/2019\/05\/inauguracion-clinica-de-protesis-odontologica-periferica-zona-11-4-300x200.jpg 300w, \/wp-content\/uploads\/sites\/5\/2019\/05\/inauguracion-clinica-de-protesis-odontologica-periferica-zona-11-4-768x512.jpg 768w, \/wp-content\/uploads\/sites\/5\/2019\/05\/inauguracion-clinica-de-protesis-odontologica-periferica-zona-11-4-1024x682.jpg 1024w, \/wp-content\/uploads\/sites\/5\/2019\/05\/inauguracion-clinica-de-protesis-odontologica-periferica-zona-11-4-696x464.jpg 696w, \/wp-content\/uploads\/sites\/5\/2019\/05\/inauguracion-clinica-de-protesis-odontologica-periferica-zona-11-4-1068x712.jpg 1068w, \/wp-content\/uploads\/sites\/5\/2019\/05\/inauguracion-clinica-de-protesis-odontologica-periferica-zona-11-4-534x356.jpg 534w, \/wp-content\/uploads\/sites\/5\/2019\/05\/inauguracion-clinica-de-protesis-odontologica-periferica-zona-11-4.jpg 1280w\" sizes=\"(max-width: 630px) 100vw, 630px\" alt=\"\">\r\n                            <\/a>\r\n                            \r\n                        <\/figure>\r\n                    <\/div>\r\n                    <div class = \"td-slide-item td-item5\">\r\n                        <figure class=\"td-slide-galery-figure td-slide-popup-gallery\">\r\n                            <a class=\"slide-gallery-image-link\" href=\"\/wp-content\/uploads\/sites\/5\/2019\/05\/inauguracion-clinica-de-protesis-odontologica-periferica-zona-11-5.jpg\" title=\"inauguracion clinica de protesis odontologica periferica zona 11-5\"  data-caption=\"\"  data-description=\"\">\r\n                                <img decoding=\"async\" src=\"\/wp-content\/uploads\/sites\/5\/2019\/05\/inauguracion-clinica-de-protesis-odontologica-periferica-zona-11-5-630x420.jpg\" srcset=\"\/wp-content\/uploads\/sites\/5\/2019\/05\/inauguracion-clinica-de-protesis-odontologica-periferica-zona-11-5-630x420.jpg 630w, \/wp-content\/uploads\/sites\/5\/2019\/05\/inauguracion-clinica-de-protesis-odontologica-periferica-zona-11-5-300x200.jpg 300w, \/wp-content\/uploads\/sites\/5\/2019\/05\/inauguracion-clinica-de-protesis-odontologica-periferica-zona-11-5-768x512.jpg 768w, \/wp-content\/uploads\/sites\/5\/2019\/05\/inauguracion-clinica-de-protesis-odontologica-periferica-zona-11-5-1024x682.jpg 1024w, \/wp-content\/uploads\/sites\/5\/2019\/05\/inauguracion-clinica-de-protesis-odontologica-periferica-zona-11-5-696x464.jpg 696w, \/wp-content\/uploads\/sites\/5\/2019\/05\/inauguracion-clinica-de-protesis-odontologica-periferica-zona-11-5-1068x712.jpg 1068w, \/wp-content\/uploads\/sites\/5\/2019\/05\/inauguracion-clinica-de-protesis-odontologica-periferica-zona-11-5-534x356.jpg 534w, \/wp-content\/uploads\/sites\/5\/2019\/05\/inauguracion-clinica-de-protesis-odontologica-periferica-zona-11-5.jpg 1280w\" sizes=\"(max-width: 630px) 100vw, 630px\" alt=\"\">\r\n                            <\/a>\r\n                            \r\n                        <\/figure>\r\n                    <\/div>\r\n                            <\/div>\r\n                        <\/div>\r\n\r\n                        <div class = \"td-doubleSlider-2\">\r\n                            <div class = \"td-slider\">\r\n                                \r\n                    <div class = \"td-button td-item1\">\r\n                        <div class = \"td-border\"><\/div>\r\n                    <\/div>\r\n                    <div class = \"td-button td-item2\">\r\n                        <div class = \"td-border\"><\/div>\r\n                    <\/div>\r\n                    <div class = \"td-button td-item3\">\r\n                        <div class = \"td-border\"><\/div>\r\n                    <\/div>\r\n                    <div class = \"td-button td-item4\">\r\n                        <div class = \"td-border\"><\/div>\r\n                    <\/div>\r\n                    <div class = \"td-button td-item5\">\r\n                        <div class = \"td-border\"><\/div>\r\n                    <\/div>\r\n                            <\/div>\r\n                        <\/div>\r\n\r\n                    <\/div>\r\n\r\n                <\/div>\r\n                \n<hr \/>\n<p>&nbsp;<\/p>\n","protected":false},"excerpt":{"rendered":"<p>Como parte de la ampliaci\u00f3n de los servicios en beneficio de los derechohabientes hoy fue inaugurada la Cl\u00ednica de Pr\u00f3tesis Odontol\u00f3gica en la Unidad Perif\u00e9rica de la zona 11 del Instituto Guatemalteco de Seguridad Social (IGSS), la cual beneficiar\u00e1 a los afiliados que sufran accidentes y a los trabajadores de esta unidad. \u201cEl servicio es [&hellip;]<\/p>\n","protected":false},"author":4,"featured_media":9655,"comment_status":"open","ping_status":"open","sticky":false,"template":"","format":"standard","meta":{"footnotes":""},"categories":[3,15,29,36],"tags":[490,670,700],"coauthors":[],"class_list":{"0":"post-9651","1":"post","2":"type-post","3":"status-publish","4":"format-standard","5":"has-post-thumbnail","7":"category-actualidad","8":"category-destacado","9":"category-publicaciones","10":"category-unidades-medicas","11":"tag-igss","12":"tag-odontologia","13":"tag-periferica-zona-11"},"_links":{"self":[{"href":"https:\/\/www.igssgt.org\/noticias\/wp-json\/wp\/v2\/posts\/9651","targetHints":{"allow":["GET"]}}],"collection":[{"href":"https:\/\/www.igssgt.org\/noticias\/wp-json\/wp\/v2\/posts"}],"about":[{"href":"https:\/\/www.igssgt.org\/noticias\/wp-json\/wp\/v2\/types\/post"}],"author":[{"embeddable":true,"href":"https:\/\/www.igssgt.org\/noticias\/wp-json\/wp\/v2\/users\/4"}],"replies":[{"embeddable":true,"href":"https:\/\/www.igssgt.org\/noticias\/wp-json\/wp\/v2\/comments?post=9651"}],"version-history":[{"count":0,"href":"https:\/\/www.igssgt.org\/noticias\/wp-json\/wp\/v2\/posts\/9651\/revisions"}],"wp:featuredmedia":[{"embeddable":true,"href":"https:\/\/www.igssgt.org\/noticias\/wp-json\/wp\/v2\/media\/9655"}],"wp:attachment":[{"href":"https:\/\/www.igssgt.org\/noticias\/wp-json\/wp\/v2\/media?parent=9651"}],"wp:term":[{"taxonomy":"category","embeddable":true,"href":"https:\/\/www.igssgt.org\/noticias\/wp-json\/wp\/v2\/categories?post=9651"},{"taxonomy":"post_tag","embeddable":true,"href":"https:\/\/www.igssgt.org\/noticias\/wp-json\/wp\/v2\/tags?post=9651"},{"taxonomy":"author","embeddable":true,"href":"https:\/\/www.igssgt.org\/noticias\/wp-json\/wp\/v2\/coauthors?post=9651"}],"curies":[{"name":"wp","href":"https:\/\/api.w.org\/{rel}","templated":true}]}}