{"id":9774,"date":"2019-07-15T10:00:17","date_gmt":"2019-07-15T16:00:17","guid":{"rendered":"https:\/\/www.igssgt.org\/noticias\/?p=9774"},"modified":"2019-10-08T17:07:50","modified_gmt":"2019-10-08T23:07:50","slug":"convocatoria-del-programa-de-formacion-de-medicos-generales-y-especialistas-del-igss-2","status":"publish","type":"post","link":"https:\/\/www.igssgt.org\/noticias\/2019\/07\/15\/convocatoria-del-programa-de-formacion-de-medicos-generales-y-especialistas-del-igss-2\/","title":{"rendered":"Convocatoria del Programa de Formaci\u00f3n de M\u00e9dicos Generales y Especialistas del IGSS"},"content":{"rendered":"\n<p>La Subgerencia de Recursos Humanos y el Departamento de Capacitaci\u00f3n y Desarrollo a trav\u00e9s del Programa de Formaci\u00f3n de M\u00e9dicos Generales y Especialistas, invita a m\u00e9dicos y cirujanos, cirujanos dentistas y m\u00e9dicos especialistas a ser parte de nuestros diferentes Programas y Maestr\u00edas.<\/p>\n\n\n\n<h4 class=\"wp-block-heading\"><strong>Archivos para descargar:<\/strong><\/h4>\n\n\n\n<ol class=\"wp-block-list\"><li><strong><a href=\"https:\/\/www.igssgt.org\/wp-content\/uploads\/sites\/5\/2019\/07\/Guia-Curricular-PFMGYE-IGSS-2019-2020.pdf\">Gu\u00eda Curricular 2019-2020<\/a><\/strong><\/li><li><strong><a href=\"\/wp-content\/uploads\/sites\/5\/2019\/07\/Carta-de-Solicitud-de-Ingreso-Recursos-Humanos-IGSS-2019-2020.pdf\">Carta de Solicitud de Ingreso Recursos Humanos IGSS 2019-2020<\/a><\/strong><\/li><\/ol>\n\n\n\n<hr class=\"wp-block-separator\" \/>\n\n\n\n<ul class=\"wp-block-gallery columns-2 is-cropped wp-block-gallery-1 is-layout-flex wp-block-gallery-is-layout-flex\"><li class=\"blocks-gallery-item\"><figure><a href=\"\/wp-content\/uploads\/sites\/5\/2019\/07\/Convocatoria-posgrados-igss-2019-2020-874x1024.jpg\"><img loading=\"lazy\" decoding=\"async\" width=\"874\" height=\"1024\" src=\"\/wp-content\/uploads\/sites\/5\/2019\/07\/Convocatoria-posgrados-igss-2019-2020-874x1024.jpg\" alt=\"\" data-id=\"9841\" data-link=\"https:\/\/www.igssgt.org\/noticias\/2019\/07\/15\/convocatoria-del-programa-de-formacion-de-medicos-generales-y-especialistas-del-igss-2\/convocatoria-posgrados-igss-2019-2020\/\" class=\"wp-image-9841\" srcset=\"\/wp-content\/uploads\/sites\/5\/2019\/07\/Convocatoria-posgrados-igss-2019-2020-874x1024.jpg 874w, \/wp-content\/uploads\/sites\/5\/2019\/07\/Convocatoria-posgrados-igss-2019-2020-1311x1536.jpg 1311w, \/wp-content\/uploads\/sites\/5\/2019\/07\/Convocatoria-posgrados-igss-2019-2020-1748x2048.jpg 1748w, \/wp-content\/uploads\/sites\/5\/2019\/07\/Convocatoria-posgrados-igss-2019-2020-256x300.jpg 256w, \/wp-content\/uploads\/sites\/5\/2019\/07\/Convocatoria-posgrados-igss-2019-2020-768x900.jpg 768w, \/wp-content\/uploads\/sites\/5\/2019\/07\/Convocatoria-posgrados-igss-2019-2020-358x420.jpg 358w, \/wp-content\/uploads\/sites\/5\/2019\/07\/Convocatoria-posgrados-igss-2019-2020-696x815.jpg 696w, \/wp-content\/uploads\/sites\/5\/2019\/07\/Convocatoria-posgrados-igss-2019-2020-1068x1251.jpg 1068w, \/wp-content\/uploads\/sites\/5\/2019\/07\/Convocatoria-posgrados-igss-2019-2020-394x462.jpg 394w\" sizes=\"auto, (max-width: 874px) 100vw, 874px\" \/><\/a><\/figure><\/li><li class=\"blocks-gallery-item\"><figure><a href=\"\/wp-content\/uploads\/sites\/5\/2019\/07\/Afiche-Programa-de-formacion-de-medicos-generales-y-especialistas-2019-2020-770x1024.jpeg\"><img loading=\"lazy\" decoding=\"async\" width=\"770\" height=\"1024\" src=\"\/wp-content\/uploads\/sites\/5\/2019\/07\/Afiche-Programa-de-formacion-de-medicos-generales-y-especialistas-2019-2020-770x1024.jpeg\" alt=\"\" data-id=\"9840\" data-link=\"https:\/\/www.igssgt.org\/noticias\/2019\/07\/15\/convocatoria-del-programa-de-formacion-de-medicos-generales-y-especialistas-del-igss-2\/afiche-programa-de-formacion-de-medicos-generales-y-especialistas-2019-2020\/\" class=\"wp-image-9840\" srcset=\"\/wp-content\/uploads\/sites\/5\/2019\/07\/Afiche-Programa-de-formacion-de-medicos-generales-y-especialistas-2019-2020-770x1024.jpeg 770w, \/wp-content\/uploads\/sites\/5\/2019\/07\/Afiche-Programa-de-formacion-de-medicos-generales-y-especialistas-2019-2020-226x300.jpeg 226w, \/wp-content\/uploads\/sites\/5\/2019\/07\/Afiche-Programa-de-formacion-de-medicos-generales-y-especialistas-2019-2020-768x1021.jpeg 768w, \/wp-content\/uploads\/sites\/5\/2019\/07\/Afiche-Programa-de-formacion-de-medicos-generales-y-especialistas-2019-2020-316x420.jpeg 316w, \/wp-content\/uploads\/sites\/5\/2019\/07\/Afiche-Programa-de-formacion-de-medicos-generales-y-especialistas-2019-2020-696x925.jpeg 696w, \/wp-content\/uploads\/sites\/5\/2019\/07\/Afiche-Programa-de-formacion-de-medicos-generales-y-especialistas-2019-2020-348x462.jpeg 348w, \/wp-content\/uploads\/sites\/5\/2019\/07\/Afiche-Programa-de-formacion-de-medicos-generales-y-especialistas-2019-2020.jpeg 963w\" sizes=\"auto, (max-width: 770px) 100vw, 770px\" \/><\/a><figcaption><br><\/figcaption><\/figure><\/li><\/ul>\n\n\n\n<hr \/>\n<h3>Maestr\u00eda en Neumolog\u00eda de Adultos en convenio con la Universidad Mariano G\u00e1lvez<\/h3>\n<p><a href=\"\/wp-content\/uploads\/sites\/5\/2019\/10\/Convocatoria-Maestria-en-Neumologia-de-Adultos-2020m-IGSS.jpg\"><img loading=\"lazy\" decoding=\"async\" class=\"aligncenter size-full wp-image-12537\" src=\"\/wp-content\/uploads\/sites\/5\/2019\/10\/Convocatoria-Maestria-en-Neumologia-de-Adultos-2020m-IGSS.jpg\" alt=\"\" width=\"1276\" height=\"785\" srcset=\"\/wp-content\/uploads\/sites\/5\/2019\/10\/Convocatoria-Maestria-en-Neumologia-de-Adultos-2020m-IGSS.jpg 1276w, \/wp-content\/uploads\/sites\/5\/2019\/10\/Convocatoria-Maestria-en-Neumologia-de-Adultos-2020m-IGSS-300x185.jpg 300w, \/wp-content\/uploads\/sites\/5\/2019\/10\/Convocatoria-Maestria-en-Neumologia-de-Adultos-2020m-IGSS-768x472.jpg 768w, \/wp-content\/uploads\/sites\/5\/2019\/10\/Convocatoria-Maestria-en-Neumologia-de-Adultos-2020m-IGSS-1024x630.jpg 1024w, \/wp-content\/uploads\/sites\/5\/2019\/10\/Convocatoria-Maestria-en-Neumologia-de-Adultos-2020m-IGSS-683x420.jpg 683w, \/wp-content\/uploads\/sites\/5\/2019\/10\/Convocatoria-Maestria-en-Neumologia-de-Adultos-2020m-IGSS-696x428.jpg 696w, \/wp-content\/uploads\/sites\/5\/2019\/10\/Convocatoria-Maestria-en-Neumologia-de-Adultos-2020m-IGSS-1068x657.jpg 1068w, \/wp-content\/uploads\/sites\/5\/2019\/10\/Convocatoria-Maestria-en-Neumologia-de-Adultos-2020m-IGSS-356x220.jpg 356w, \/wp-content\/uploads\/sites\/5\/2019\/10\/Convocatoria-Maestria-en-Neumologia-de-Adultos-2020m-IGSS-534x329.jpg 534w\" sizes=\"auto, (max-width: 1276px) 100vw, 1276px\" \/><\/a><\/p>\n<p>La Subgerencia de Recursos Humanos y el Departamento de Capacitaci\u00f3n y Desarrollo a trav\u00e9s del Programa de Formaci\u00f3n de M\u00e9dicos Generales y Especialistas, invita a m\u00e9dicos internistas a ser parte de la Maestr\u00eda en Neumolog\u00eda de Adultos en convenio con la Universidad Mariano G\u00e1lvez<\/p>\n<h4><strong>Archivos para descargar:<\/strong><\/h4>\n<ol>\n<li><strong><a href=\"https:\/\/www.igssgt.org\/wp-content\/uploads\/sites\/5\/2019\/10\/Guia-curricular-2019-2020-Maestri%CC%81a-en-Neumologi%CC%81a-de-Adultos.pdf\">Gu\u00eda Curricular 2019-2020 Neumolog\u00eda Adultos.PDF<\/a><\/strong><\/li>\n<li><strong><a href=\"https:\/\/www.igssgt.org\/wp-content\/uploads\/sites\/5\/2019\/07\/Carta-de-Solicitud-de-Ingreso-Recursos-Humanos-IGSS-2019-2020.pdf\">Carta de Solicitud de Ingreso Recursos Humanos IGSS 2019-2020<\/a><\/strong><\/li>\n<\/ol>\n<h2>\u00a0<\/h2>\n","protected":false},"excerpt":{"rendered":"<p>La Subgerencia de Recursos Humanos y el Departamento de Capacitaci\u00f3n y Desarrollo a trav\u00e9s del Programa de Formaci\u00f3n de M\u00e9dicos Generales y Especialistas, invita a m\u00e9dicos y cirujanos, cirujanos dentistas y m\u00e9dicos especialistas a ser parte de nuestros diferentes Programas y Maestr\u00edas. Archivos para descargar: Gu\u00eda Curricular 2019-2020 Carta de Solicitud de Ingreso Recursos Humanos [&hellip;]<\/p>\n","protected":false},"author":4,"featured_media":9839,"comment_status":"open","ping_status":"open","sticky":false,"template":"","format":"standard","meta":{"footnotes":""},"categories":[3,14,15,16,29],"tags":[215,490],"coauthors":[881],"class_list":{"0":"post-9774","1":"post","2":"type-post","3":"status-publish","4":"format-standard","5":"has-post-thumbnail","7":"category-actualidad","8":"category-convocatorias","9":"category-destacado","10":"category-featured","11":"category-publicaciones","12":"tag-convocatorias","13":"tag-igss"},"_links":{"self":[{"href":"https:\/\/www.igssgt.org\/noticias\/wp-json\/wp\/v2\/posts\/9774","targetHints":{"allow":["GET"]}}],"collection":[{"href":"https:\/\/www.igssgt.org\/noticias\/wp-json\/wp\/v2\/posts"}],"about":[{"href":"https:\/\/www.igssgt.org\/noticias\/wp-json\/wp\/v2\/types\/post"}],"author":[{"embeddable":true,"href":"https:\/\/www.igssgt.org\/noticias\/wp-json\/wp\/v2\/users\/4"}],"replies":[{"embeddable":true,"href":"https:\/\/www.igssgt.org\/noticias\/wp-json\/wp\/v2\/comments?post=9774"}],"version-history":[{"count":8,"href":"https:\/\/www.igssgt.org\/noticias\/wp-json\/wp\/v2\/posts\/9774\/revisions"}],"predecessor-version":[{"id":12541,"href":"https:\/\/www.igssgt.org\/noticias\/wp-json\/wp\/v2\/posts\/9774\/revisions\/12541"}],"wp:featuredmedia":[{"embeddable":true,"href":"https:\/\/www.igssgt.org\/noticias\/wp-json\/wp\/v2\/media\/9839"}],"wp:attachment":[{"href":"https:\/\/www.igssgt.org\/noticias\/wp-json\/wp\/v2\/media?parent=9774"}],"wp:term":[{"taxonomy":"category","embeddable":true,"href":"https:\/\/www.igssgt.org\/noticias\/wp-json\/wp\/v2\/categories?post=9774"},{"taxonomy":"post_tag","embeddable":true,"href":"https:\/\/www.igssgt.org\/noticias\/wp-json\/wp\/v2\/tags?post=9774"},{"taxonomy":"author","embeddable":true,"href":"https:\/\/www.igssgt.org\/noticias\/wp-json\/wp\/v2\/coauthors?post=9774"}],"curies":[{"name":"wp","href":"https:\/\/api.w.org\/{rel}","templated":true}]}}