{"id":9859,"date":"2019-07-10T08:00:23","date_gmt":"2019-07-10T14:00:23","guid":{"rendered":"https:\/\/www.igssgt.org\/noticias\/?p=9859"},"modified":"2019-07-15T19:43:09","modified_gmt":"2019-07-16T01:43:09","slug":"el-periodico-igss-celebra-dia-internacional-del-servicio-publico","status":"publish","type":"post","link":"https:\/\/www.igssgt.org\/noticias\/2019\/07\/10\/el-periodico-igss-celebra-dia-internacional-del-servicio-publico\/","title":{"rendered":"El Peri\u00f3dico: IGSS celebra D\u00eda Internacional del Servicio P\u00fablico"},"content":{"rendered":"\n<figure class=\"wp-block-image\"><a href=\"\/wp-content\/uploads\/sites\/5\/2019\/07\/El-Periodico-IGSS-Dia-Internacional-del-Servicio-Publico-04.jpg\"><img loading=\"lazy\" decoding=\"async\" width=\"1024\" height=\"882\" src=\"\/wp-content\/uploads\/sites\/5\/2019\/07\/El-Periodico-IGSS-Dia-Internacional-del-Servicio-Publico-04-1024x882.jpg\" alt=\"\" class=\"wp-image-9860\" srcset=\"\/wp-content\/uploads\/sites\/5\/2019\/07\/El-Periodico-IGSS-Dia-Internacional-del-Servicio-Publico-04-1024x882.jpg 1024w, \/wp-content\/uploads\/sites\/5\/2019\/07\/El-Periodico-IGSS-Dia-Internacional-del-Servicio-Publico-04-300x259.jpg 300w, \/wp-content\/uploads\/sites\/5\/2019\/07\/El-Periodico-IGSS-Dia-Internacional-del-Servicio-Publico-04-768x662.jpg 768w, \/wp-content\/uploads\/sites\/5\/2019\/07\/El-Periodico-IGSS-Dia-Internacional-del-Servicio-Publico-04-487x420.jpg 487w, \/wp-content\/uploads\/sites\/5\/2019\/07\/El-Periodico-IGSS-Dia-Internacional-del-Servicio-Publico-04-696x600.jpg 696w, \/wp-content\/uploads\/sites\/5\/2019\/07\/El-Periodico-IGSS-Dia-Internacional-del-Servicio-Publico-04-1068x920.jpg 1068w, \/wp-content\/uploads\/sites\/5\/2019\/07\/El-Periodico-IGSS-Dia-Internacional-del-Servicio-Publico-04-534x460.jpg 534w, \/wp-content\/uploads\/sites\/5\/2019\/07\/El-Periodico-IGSS-Dia-Internacional-del-Servicio-Publico-04.jpg 1280w\" sizes=\"auto, (max-width: 1024px) 100vw, 1024px\" \/><\/a><figcaption><em>Publicaci\u00f3n de El Peri\u00f3dico de fecha 10 de julio de 2019.<\/em><\/figcaption><\/figure>\n\n\n\n<p>REDACCI\u00d3N SUPLEMENTOS\/El Peri\u00f3dico\u2013 Con base a la resoluci\u00f3n de la Asamblea General celebrada el 7 de marzo de 2003 de Naciones Unidas, se decide designar el 23 de junio el D\u00eda Internacional del Servicio P\u00fablico.<\/p>\n\n\n\n<p>Por tal raz\u00f3n en el audit\u00f3rium de las oficinas centrales del IGSS, el departamento de Cambio Institucional de la Subgerencia de Integridad y Transparencia Administrativa del Instituto Guatemalteco de Seguridad Social (IGSS), en conmemoraci\u00f3n del D\u00eda Internacional del Servicio P\u00fablico, present\u00f3 la obra de teatro \u201cAl que le caiga el guante\u201d, que impulsa la calidad y calidez en el servicio, como parte de la sensibilizaci\u00f3n para el buen trato a los derechohabientes del IGSS, con la finalidad de visibilizar tan noble tarea que dignifica al talento humano que conforma el Instituto y al mismo tiempo llama a la reflexi\u00f3n de c\u00f3mo enfrentar el futuro inmediato con vocaci\u00f3n y servicio.<\/p>\n\n\n\n<figure class=\"wp-block-image\"><a href=\"\/wp-content\/uploads\/sites\/5\/2019\/07\/El-Periodico-IGSS-Dia-Internacional-del-Servicio-Publico-02.jpg\"><img loading=\"lazy\" decoding=\"async\" width=\"600\" height=\"400\" src=\"\/wp-content\/uploads\/sites\/5\/2019\/07\/El-Periodico-IGSS-Dia-Internacional-del-Servicio-Publico-02.jpg\" alt=\"\" class=\"wp-image-9861\" srcset=\"\/wp-content\/uploads\/sites\/5\/2019\/07\/El-Periodico-IGSS-Dia-Internacional-del-Servicio-Publico-02.jpg 600w, \/wp-content\/uploads\/sites\/5\/2019\/07\/El-Periodico-IGSS-Dia-Internacional-del-Servicio-Publico-02-300x200.jpg 300w, \/wp-content\/uploads\/sites\/5\/2019\/07\/El-Periodico-IGSS-Dia-Internacional-del-Servicio-Publico-02-534x356.jpg 534w\" sizes=\"auto, (max-width: 600px) 100vw, 600px\" \/><\/a><figcaption><em>Ana Marilyn Ortiz, gerente del IGSS; y Santiago Urbizo, subgerente de planificaci\u00f3n IGSS.<\/em><\/figcaption><\/figure>\n\n\n\n<figure class=\"wp-block-image\"><a href=\"\/wp-content\/uploads\/sites\/5\/2019\/07\/El-Periodico-IGSS-Dia-Internacional-del-Servicio-Publico-01.jpg\"><img loading=\"lazy\" decoding=\"async\" width=\"600\" height=\"400\" src=\"\/wp-content\/uploads\/sites\/5\/2019\/07\/El-Periodico-IGSS-Dia-Internacional-del-Servicio-Publico-01.jpg\" alt=\"\" class=\"wp-image-9862\" srcset=\"\/wp-content\/uploads\/sites\/5\/2019\/07\/El-Periodico-IGSS-Dia-Internacional-del-Servicio-Publico-01.jpg 600w, \/wp-content\/uploads\/sites\/5\/2019\/07\/El-Periodico-IGSS-Dia-Internacional-del-Servicio-Publico-01-300x200.jpg 300w, \/wp-content\/uploads\/sites\/5\/2019\/07\/El-Periodico-IGSS-Dia-Internacional-del-Servicio-Publico-01-534x356.jpg 534w\" sizes=\"auto, (max-width: 600px) 100vw, 600px\" \/><\/a><\/figure>\n\n\n\n<p>Fuente:&nbsp;<strong>El Peri\u00f3dico, Guatemala<\/strong><\/p>\n\n\n\n<p>Enlace:&nbsp;<strong><a href=\"https:\/\/elperiodico.com.gt\/gente\/2019\/07\/10\/igss-celebra-dia-internacional-del-servicio-publico\/\">https:\/\/elperiodico.com.gt\/gente\/2019\/07\/10\/igss-celebra-dia-internacional-del-servicio-publico\/<\/a><\/strong><\/p>\n\n\n\n<hr class=\"wp-block-separator\" \/>\n","protected":false},"excerpt":{"rendered":"<p>REDACCI\u00d3N SUPLEMENTOS\/El Peri\u00f3dico\u2013 Con base a la resoluci\u00f3n de la Asamblea General celebrada el 7 de marzo de 2003 de Naciones Unidas, se decide designar el 23 de junio el D\u00eda Internacional del Servicio P\u00fablico. Por tal raz\u00f3n en el audit\u00f3rium de las oficinas centrales del IGSS, el departamento de Cambio Institucional de la Subgerencia [&hellip;]<\/p>\n","protected":false},"author":4,"featured_media":9860,"comment_status":"open","ping_status":"open","sticky":false,"template":"","format":"standard","meta":{"footnotes":""},"categories":[3,15,16,41,29],"tags":[396,490],"coauthors":[881],"class_list":{"0":"post-9859","1":"post","2":"type-post","3":"status-publish","4":"format-standard","5":"has-post-thumbnail","7":"category-actualidad","8":"category-destacado","9":"category-featured","10":"category-igss-en-los-medios","11":"category-publicaciones","12":"tag-el-periodico","13":"tag-igss"},"_links":{"self":[{"href":"https:\/\/www.igssgt.org\/noticias\/wp-json\/wp\/v2\/posts\/9859","targetHints":{"allow":["GET"]}}],"collection":[{"href":"https:\/\/www.igssgt.org\/noticias\/wp-json\/wp\/v2\/posts"}],"about":[{"href":"https:\/\/www.igssgt.org\/noticias\/wp-json\/wp\/v2\/types\/post"}],"author":[{"embeddable":true,"href":"https:\/\/www.igssgt.org\/noticias\/wp-json\/wp\/v2\/users\/4"}],"replies":[{"embeddable":true,"href":"https:\/\/www.igssgt.org\/noticias\/wp-json\/wp\/v2\/comments?post=9859"}],"version-history":[{"count":1,"href":"https:\/\/www.igssgt.org\/noticias\/wp-json\/wp\/v2\/posts\/9859\/revisions"}],"predecessor-version":[{"id":9863,"href":"https:\/\/www.igssgt.org\/noticias\/wp-json\/wp\/v2\/posts\/9859\/revisions\/9863"}],"wp:featuredmedia":[{"embeddable":true,"href":"https:\/\/www.igssgt.org\/noticias\/wp-json\/wp\/v2\/media\/9860"}],"wp:attachment":[{"href":"https:\/\/www.igssgt.org\/noticias\/wp-json\/wp\/v2\/media?parent=9859"}],"wp:term":[{"taxonomy":"category","embeddable":true,"href":"https:\/\/www.igssgt.org\/noticias\/wp-json\/wp\/v2\/categories?post=9859"},{"taxonomy":"post_tag","embeddable":true,"href":"https:\/\/www.igssgt.org\/noticias\/wp-json\/wp\/v2\/tags?post=9859"},{"taxonomy":"author","embeddable":true,"href":"https:\/\/www.igssgt.org\/noticias\/wp-json\/wp\/v2\/coauthors?post=9859"}],"curies":[{"name":"wp","href":"https:\/\/api.w.org\/{rel}","templated":true}]}}