{"id":9890,"date":"2016-07-01T15:44:26","date_gmt":"2016-07-01T21:44:26","guid":{"rendered":"https:\/\/www.igssgt.org\/noticias\/?p=9890"},"modified":"2019-07-16T16:47:05","modified_gmt":"2019-07-16T22:47:05","slug":"se-reciben-mas-de-100-curriculos-para-optar-a-la-plaza-de-gerente-de-igss","status":"publish","type":"post","link":"https:\/\/www.igssgt.org\/noticias\/2016\/07\/01\/se-reciben-mas-de-100-curriculos-para-optar-a-la-plaza-de-gerente-de-igss\/","title":{"rendered":"Se reciben m\u00e1s de 100 curr\u00edculos para optar a la Plaza de Gerente de IGSS"},"content":{"rendered":"\n<p>\n\nLa Junta Directiva inform\u00f3 que ya se recibieron m\u00e1s de 100 curr\u00edculos para optar a la plaza de Gerente del Instituto Guatemalteco de Seguridad Social, luego de la convocatoria p\u00fablica realizada el viernes 24 de junio de 2016 en los diferentes medios de comunicaci\u00f3n.&nbsp;<\/p>\n\n\n\n<p>Los nombres de los aspirantes a ocupar el principal puesto administrativo dentro del instituto, ser\u00e1n publicados en los diferentes medios de comunicaci\u00f3n y si hubiera inconformidad o tacha en contra de alguno de los candidatos, se podr\u00e1n presentar las argumentaciones razonadas y documentadas al correo convocatoria@igssgt.org o hacerlo llegar a la ventanilla de recepci\u00f3n de correspondencia de la Junta Directiva en oficinas centrales.&nbsp;<\/p>\n\n\n\n<p>En sesi\u00f3n del 5 de julio, los miembros de Junta Directiva aprobaron los criterios param\u00e9tricos que servir\u00e1n para evaluar la hoja de vida de los candidatos al cargo, evaluaci\u00f3n que estar\u00e1 a cargo de la Comisi\u00f3n espec\u00edfica de la Junta Directiva.&nbsp;<\/p>\n\n\n\n<p><\/p>\n\n\n\n<p><\/p>\n","protected":false},"excerpt":{"rendered":"<p>La Junta Directiva inform\u00f3 que ya se recibieron m\u00e1s de 100 curr\u00edculos para optar a la plaza de Gerente del Instituto Guatemalteco de Seguridad Social, luego de la convocatoria p\u00fablica realizada el viernes 24 de junio de 2016 en los diferentes medios de comunicaci\u00f3n.&nbsp; Los nombres de los aspirantes a ocupar el principal puesto administrativo [&hellip;]<\/p>\n","protected":false},"author":4,"featured_media":9891,"comment_status":"open","ping_status":"open","sticky":false,"template":"","format":"standard","meta":{"footnotes":""},"categories":[887],"tags":[],"coauthors":[881],"class_list":{"0":"post-9890","1":"post","2":"type-post","3":"status-publish","4":"format-standard","5":"has-post-thumbnail","7":"category-archivo"},"_links":{"self":[{"href":"https:\/\/www.igssgt.org\/noticias\/wp-json\/wp\/v2\/posts\/9890","targetHints":{"allow":["GET"]}}],"collection":[{"href":"https:\/\/www.igssgt.org\/noticias\/wp-json\/wp\/v2\/posts"}],"about":[{"href":"https:\/\/www.igssgt.org\/noticias\/wp-json\/wp\/v2\/types\/post"}],"author":[{"embeddable":true,"href":"https:\/\/www.igssgt.org\/noticias\/wp-json\/wp\/v2\/users\/4"}],"replies":[{"embeddable":true,"href":"https:\/\/www.igssgt.org\/noticias\/wp-json\/wp\/v2\/comments?post=9890"}],"version-history":[{"count":1,"href":"https:\/\/www.igssgt.org\/noticias\/wp-json\/wp\/v2\/posts\/9890\/revisions"}],"predecessor-version":[{"id":9892,"href":"https:\/\/www.igssgt.org\/noticias\/wp-json\/wp\/v2\/posts\/9890\/revisions\/9892"}],"wp:featuredmedia":[{"embeddable":true,"href":"https:\/\/www.igssgt.org\/noticias\/wp-json\/wp\/v2\/media\/9891"}],"wp:attachment":[{"href":"https:\/\/www.igssgt.org\/noticias\/wp-json\/wp\/v2\/media?parent=9890"}],"wp:term":[{"taxonomy":"category","embeddable":true,"href":"https:\/\/www.igssgt.org\/noticias\/wp-json\/wp\/v2\/categories?post=9890"},{"taxonomy":"post_tag","embeddable":true,"href":"https:\/\/www.igssgt.org\/noticias\/wp-json\/wp\/v2\/tags?post=9890"},{"taxonomy":"author","embeddable":true,"href":"https:\/\/www.igssgt.org\/noticias\/wp-json\/wp\/v2\/coauthors?post=9890"}],"curies":[{"name":"wp","href":"https:\/\/api.w.org\/{rel}","templated":true}]}}