{"id":9988,"date":"2019-07-18T17:30:14","date_gmt":"2019-07-18T23:30:14","guid":{"rendered":"https:\/\/www.igssgt.org\/noticias\/?p=9988"},"modified":"2019-07-18T17:41:20","modified_gmt":"2019-07-18T23:41:20","slug":"autoridades-del-hospital-general-de-accidentes-ceibal-cambian-la-rosa-de-la-paz","status":"publish","type":"post","link":"https:\/\/www.igssgt.org\/noticias\/2019\/07\/18\/autoridades-del-hospital-general-de-accidentes-ceibal-cambian-la-rosa-de-la-paz\/","title":{"rendered":"Autoridades del Hospital General de Accidentes Ceibal cambian La Rosa de la Paz"},"content":{"rendered":"\n<p>En el marco de la conmemoraci\u00f3n del 71 aniversario de fundaci\u00f3n del Hospital General de Accidentes Ceibal del IGSS brindando servicios m\u00e9dicos y hospitalarios de calidad y con sentido social, hoy la Secretar\u00eda de la Paz  le concedi\u00f3 el honor del Cambio de la Rosa de la Paz.<\/p>\n\n\n\n<p>El licenciado Carlos Contreras, presidente de la Junta Directiva del IGSS, expres\u00f3 su satisfacci\u00f3n por el m\u00e9rito otorgado a una de las unidades m\u00e9dicas m\u00e1s altruistas, que recibe y da atenci\u00f3n m\u00e9dica y hospitalaria a pacientes que sufren accidentes sin importar si son o no afiliados al Instituto.<\/p>\n\n\n\n<p>La encargada de colocar La Rosa fue la licenciada Yeldy Herrera, administradora del Hospital, que con su trayectoria laboral ha contribuido a la promoci\u00f3n de la paz.<\/p>\n\n\n\n<p>La contribuci\u00f3n de este centro hospitalario hacia el pa\u00eds se extiende a su funcionamiento como hospital escuela, a trav\u00e9s de la formaci\u00f3n profesional de m\u00e9dicos en las especialidades de cirug\u00eda, traumatolog\u00eda y ortopedia.<\/p>\n\n\n\n<p>\u201cEsa unidad brinda atenci\u00f3n m\u00e9dica y hospitalaria de calidad y responsabilidad social a la poblaci\u00f3n, adem\u00e1s de fortalecer las capacidades de m\u00e9dicos, param\u00e9dicos, personal t\u00e9cnico, operativo y de la administraci\u00f3n, creando con ello mejores condiciones de servicios para la atenci\u00f3n del afiliado\u201d, resalt\u00f3 el licenciado Rigoberto Casasola, subsecretario de la Paz.<\/p>\n\n\n\n<p>En la actividad participaron los se\u00f1ores Reny Bake y Juan Francisco Mendoza, miembros suplentes de la Junta Directiva; la doctora Marilyn Ortiz, gerente, y el doctor Arturo Garc\u00eda Aquino, subgerente en Prestaciones de Salud, quienes firmaron el Libro de Oro de la Presidencia de la Rep\u00fablica de Guatemala.<\/p>\n\n\n\n<ul class=\"wp-block-gallery columns-3 is-cropped wp-block-gallery-1 is-layout-flex wp-block-gallery-is-layout-flex\"><li class=\"blocks-gallery-item\"><figure><img loading=\"lazy\" decoding=\"async\" width=\"1024\" height=\"683\" src=\"\/wp-content\/uploads\/sites\/5\/2019\/07\/cambio-de-la-rosa-de-la-paz-igss-hospital-general-de-accidentes-ceibal-2019-1-1024x683.jpg\" alt=\"\" data-id=\"9989\" data-link=\"https:\/\/www.igssgt.org\/noticias\/?attachment_id=9989\" class=\"wp-image-9989\" srcset=\"\/wp-content\/uploads\/sites\/5\/2019\/07\/cambio-de-la-rosa-de-la-paz-igss-hospital-general-de-accidentes-ceibal-2019-1-1024x683.jpg 1024w, \/wp-content\/uploads\/sites\/5\/2019\/07\/cambio-de-la-rosa-de-la-paz-igss-hospital-general-de-accidentes-ceibal-2019-1-300x200.jpg 300w, \/wp-content\/uploads\/sites\/5\/2019\/07\/cambio-de-la-rosa-de-la-paz-igss-hospital-general-de-accidentes-ceibal-2019-1-768x512.jpg 768w, \/wp-content\/uploads\/sites\/5\/2019\/07\/cambio-de-la-rosa-de-la-paz-igss-hospital-general-de-accidentes-ceibal-2019-1-630x420.jpg 630w, \/wp-content\/uploads\/sites\/5\/2019\/07\/cambio-de-la-rosa-de-la-paz-igss-hospital-general-de-accidentes-ceibal-2019-1-696x464.jpg 696w, \/wp-content\/uploads\/sites\/5\/2019\/07\/cambio-de-la-rosa-de-la-paz-igss-hospital-general-de-accidentes-ceibal-2019-1-1068x712.jpg 1068w, \/wp-content\/uploads\/sites\/5\/2019\/07\/cambio-de-la-rosa-de-la-paz-igss-hospital-general-de-accidentes-ceibal-2019-1-534x356.jpg 534w, \/wp-content\/uploads\/sites\/5\/2019\/07\/cambio-de-la-rosa-de-la-paz-igss-hospital-general-de-accidentes-ceibal-2019-1.jpg 1200w\" sizes=\"auto, (max-width: 1024px) 100vw, 1024px\" \/><\/figure><\/li><li class=\"blocks-gallery-item\"><figure><img loading=\"lazy\" decoding=\"async\" width=\"1024\" height=\"768\" src=\"\/wp-content\/uploads\/sites\/5\/2019\/07\/cambio-de-la-rosa-de-la-paz-igss-hospital-general-de-accidentes-ceibal-2019-2-1024x768.jpg\" alt=\"\" data-id=\"9990\" data-link=\"https:\/\/www.igssgt.org\/noticias\/?attachment_id=9990\" class=\"wp-image-9990\" srcset=\"\/wp-content\/uploads\/sites\/5\/2019\/07\/cambio-de-la-rosa-de-la-paz-igss-hospital-general-de-accidentes-ceibal-2019-2-1024x768.jpg 1024w, \/wp-content\/uploads\/sites\/5\/2019\/07\/cambio-de-la-rosa-de-la-paz-igss-hospital-general-de-accidentes-ceibal-2019-2-300x225.jpg 300w, \/wp-content\/uploads\/sites\/5\/2019\/07\/cambio-de-la-rosa-de-la-paz-igss-hospital-general-de-accidentes-ceibal-2019-2-768x576.jpg 768w, \/wp-content\/uploads\/sites\/5\/2019\/07\/cambio-de-la-rosa-de-la-paz-igss-hospital-general-de-accidentes-ceibal-2019-2-560x420.jpg 560w, \/wp-content\/uploads\/sites\/5\/2019\/07\/cambio-de-la-rosa-de-la-paz-igss-hospital-general-de-accidentes-ceibal-2019-2-80x60.jpg 80w, \/wp-content\/uploads\/sites\/5\/2019\/07\/cambio-de-la-rosa-de-la-paz-igss-hospital-general-de-accidentes-ceibal-2019-2-696x522.jpg 696w, \/wp-content\/uploads\/sites\/5\/2019\/07\/cambio-de-la-rosa-de-la-paz-igss-hospital-general-de-accidentes-ceibal-2019-2-1068x801.jpg 1068w, \/wp-content\/uploads\/sites\/5\/2019\/07\/cambio-de-la-rosa-de-la-paz-igss-hospital-general-de-accidentes-ceibal-2019-2-265x198.jpg 265w, \/wp-content\/uploads\/sites\/5\/2019\/07\/cambio-de-la-rosa-de-la-paz-igss-hospital-general-de-accidentes-ceibal-2019-2-534x401.jpg 534w, \/wp-content\/uploads\/sites\/5\/2019\/07\/cambio-de-la-rosa-de-la-paz-igss-hospital-general-de-accidentes-ceibal-2019-2.jpg 1200w\" sizes=\"auto, (max-width: 1024px) 100vw, 1024px\" \/><\/figure><\/li><li class=\"blocks-gallery-item\"><figure><img loading=\"lazy\" decoding=\"async\" width=\"1024\" height=\"683\" src=\"\/wp-content\/uploads\/sites\/5\/2019\/07\/cambio-de-la-rosa-de-la-paz-igss-hospital-general-de-accidentes-ceibal-2019-3-1024x683.jpg\" alt=\"\" data-id=\"9991\" data-link=\"https:\/\/www.igssgt.org\/noticias\/?attachment_id=9991\" class=\"wp-image-9991\" srcset=\"\/wp-content\/uploads\/sites\/5\/2019\/07\/cambio-de-la-rosa-de-la-paz-igss-hospital-general-de-accidentes-ceibal-2019-3-1024x683.jpg 1024w, \/wp-content\/uploads\/sites\/5\/2019\/07\/cambio-de-la-rosa-de-la-paz-igss-hospital-general-de-accidentes-ceibal-2019-3-300x200.jpg 300w, \/wp-content\/uploads\/sites\/5\/2019\/07\/cambio-de-la-rosa-de-la-paz-igss-hospital-general-de-accidentes-ceibal-2019-3-768x512.jpg 768w, \/wp-content\/uploads\/sites\/5\/2019\/07\/cambio-de-la-rosa-de-la-paz-igss-hospital-general-de-accidentes-ceibal-2019-3-630x420.jpg 630w, \/wp-content\/uploads\/sites\/5\/2019\/07\/cambio-de-la-rosa-de-la-paz-igss-hospital-general-de-accidentes-ceibal-2019-3-696x464.jpg 696w, \/wp-content\/uploads\/sites\/5\/2019\/07\/cambio-de-la-rosa-de-la-paz-igss-hospital-general-de-accidentes-ceibal-2019-3-1068x712.jpg 1068w, \/wp-content\/uploads\/sites\/5\/2019\/07\/cambio-de-la-rosa-de-la-paz-igss-hospital-general-de-accidentes-ceibal-2019-3-534x356.jpg 534w, \/wp-content\/uploads\/sites\/5\/2019\/07\/cambio-de-la-rosa-de-la-paz-igss-hospital-general-de-accidentes-ceibal-2019-3.jpg 1200w\" sizes=\"auto, (max-width: 1024px) 100vw, 1024px\" \/><\/figure><\/li><li class=\"blocks-gallery-item\"><figure><img loading=\"lazy\" decoding=\"async\" width=\"1024\" height=\"683\" src=\"\/wp-content\/uploads\/sites\/5\/2019\/07\/cambio-de-la-rosa-de-la-paz-igss-hospital-general-de-accidentes-ceibal-2019-4-1024x683.jpg\" alt=\"\" data-id=\"9992\" data-link=\"https:\/\/www.igssgt.org\/noticias\/?attachment_id=9992\" class=\"wp-image-9992\" srcset=\"\/wp-content\/uploads\/sites\/5\/2019\/07\/cambio-de-la-rosa-de-la-paz-igss-hospital-general-de-accidentes-ceibal-2019-4-1024x683.jpg 1024w, \/wp-content\/uploads\/sites\/5\/2019\/07\/cambio-de-la-rosa-de-la-paz-igss-hospital-general-de-accidentes-ceibal-2019-4-300x200.jpg 300w, \/wp-content\/uploads\/sites\/5\/2019\/07\/cambio-de-la-rosa-de-la-paz-igss-hospital-general-de-accidentes-ceibal-2019-4-768x512.jpg 768w, \/wp-content\/uploads\/sites\/5\/2019\/07\/cambio-de-la-rosa-de-la-paz-igss-hospital-general-de-accidentes-ceibal-2019-4-630x420.jpg 630w, \/wp-content\/uploads\/sites\/5\/2019\/07\/cambio-de-la-rosa-de-la-paz-igss-hospital-general-de-accidentes-ceibal-2019-4-696x464.jpg 696w, \/wp-content\/uploads\/sites\/5\/2019\/07\/cambio-de-la-rosa-de-la-paz-igss-hospital-general-de-accidentes-ceibal-2019-4-1068x712.jpg 1068w, \/wp-content\/uploads\/sites\/5\/2019\/07\/cambio-de-la-rosa-de-la-paz-igss-hospital-general-de-accidentes-ceibal-2019-4-534x356.jpg 534w, \/wp-content\/uploads\/sites\/5\/2019\/07\/cambio-de-la-rosa-de-la-paz-igss-hospital-general-de-accidentes-ceibal-2019-4.jpg 1200w\" sizes=\"auto, (max-width: 1024px) 100vw, 1024px\" \/><\/figure><\/li><li class=\"blocks-gallery-item\"><figure><img loading=\"lazy\" decoding=\"async\" width=\"1024\" height=\"683\" src=\"\/wp-content\/uploads\/sites\/5\/2019\/07\/cambio-de-la-rosa-de-la-paz-igss-hospital-general-de-accidentes-ceibal-2019-5-1024x683.jpg\" alt=\"\" data-id=\"9993\" data-link=\"https:\/\/www.igssgt.org\/noticias\/?attachment_id=9993\" class=\"wp-image-9993\" srcset=\"\/wp-content\/uploads\/sites\/5\/2019\/07\/cambio-de-la-rosa-de-la-paz-igss-hospital-general-de-accidentes-ceibal-2019-5-1024x683.jpg 1024w, \/wp-content\/uploads\/sites\/5\/2019\/07\/cambio-de-la-rosa-de-la-paz-igss-hospital-general-de-accidentes-ceibal-2019-5-300x200.jpg 300w, \/wp-content\/uploads\/sites\/5\/2019\/07\/cambio-de-la-rosa-de-la-paz-igss-hospital-general-de-accidentes-ceibal-2019-5-768x512.jpg 768w, \/wp-content\/uploads\/sites\/5\/2019\/07\/cambio-de-la-rosa-de-la-paz-igss-hospital-general-de-accidentes-ceibal-2019-5-630x420.jpg 630w, \/wp-content\/uploads\/sites\/5\/2019\/07\/cambio-de-la-rosa-de-la-paz-igss-hospital-general-de-accidentes-ceibal-2019-5-696x464.jpg 696w, \/wp-content\/uploads\/sites\/5\/2019\/07\/cambio-de-la-rosa-de-la-paz-igss-hospital-general-de-accidentes-ceibal-2019-5-1068x712.jpg 1068w, \/wp-content\/uploads\/sites\/5\/2019\/07\/cambio-de-la-rosa-de-la-paz-igss-hospital-general-de-accidentes-ceibal-2019-5-534x356.jpg 534w, \/wp-content\/uploads\/sites\/5\/2019\/07\/cambio-de-la-rosa-de-la-paz-igss-hospital-general-de-accidentes-ceibal-2019-5.jpg 1200w\" sizes=\"auto, (max-width: 1024px) 100vw, 1024px\" \/><\/figure><\/li><li class=\"blocks-gallery-item\"><figure><img loading=\"lazy\" decoding=\"async\" width=\"1024\" height=\"683\" src=\"\/wp-content\/uploads\/sites\/5\/2019\/07\/cambio-de-la-rosa-de-la-paz-igss-hospital-general-de-accidentes-ceibal-2019-6-1024x683.jpg\" alt=\"\" data-id=\"9994\" data-link=\"https:\/\/www.igssgt.org\/noticias\/?attachment_id=9994\" class=\"wp-image-9994\" srcset=\"\/wp-content\/uploads\/sites\/5\/2019\/07\/cambio-de-la-rosa-de-la-paz-igss-hospital-general-de-accidentes-ceibal-2019-6-1024x683.jpg 1024w, \/wp-content\/uploads\/sites\/5\/2019\/07\/cambio-de-la-rosa-de-la-paz-igss-hospital-general-de-accidentes-ceibal-2019-6-300x200.jpg 300w, \/wp-content\/uploads\/sites\/5\/2019\/07\/cambio-de-la-rosa-de-la-paz-igss-hospital-general-de-accidentes-ceibal-2019-6-768x512.jpg 768w, \/wp-content\/uploads\/sites\/5\/2019\/07\/cambio-de-la-rosa-de-la-paz-igss-hospital-general-de-accidentes-ceibal-2019-6-630x420.jpg 630w, \/wp-content\/uploads\/sites\/5\/2019\/07\/cambio-de-la-rosa-de-la-paz-igss-hospital-general-de-accidentes-ceibal-2019-6-696x464.jpg 696w, \/wp-content\/uploads\/sites\/5\/2019\/07\/cambio-de-la-rosa-de-la-paz-igss-hospital-general-de-accidentes-ceibal-2019-6-1068x712.jpg 1068w, \/wp-content\/uploads\/sites\/5\/2019\/07\/cambio-de-la-rosa-de-la-paz-igss-hospital-general-de-accidentes-ceibal-2019-6-534x356.jpg 534w, \/wp-content\/uploads\/sites\/5\/2019\/07\/cambio-de-la-rosa-de-la-paz-igss-hospital-general-de-accidentes-ceibal-2019-6.jpg 1200w\" sizes=\"auto, (max-width: 1024px) 100vw, 1024px\" \/><\/figure><\/li><li class=\"blocks-gallery-item\"><figure><img loading=\"lazy\" decoding=\"async\" width=\"1024\" height=\"682\" src=\"\/wp-content\/uploads\/sites\/5\/2019\/07\/cambio-de-la-rosa-de-la-paz-igss-hospital-general-de-accidentes-ceibal-2019-7-1024x682.jpg\" alt=\"\" data-id=\"9995\" data-link=\"https:\/\/www.igssgt.org\/noticias\/?attachment_id=9995\" class=\"wp-image-9995\" srcset=\"\/wp-content\/uploads\/sites\/5\/2019\/07\/cambio-de-la-rosa-de-la-paz-igss-hospital-general-de-accidentes-ceibal-2019-7-1024x682.jpg 1024w, \/wp-content\/uploads\/sites\/5\/2019\/07\/cambio-de-la-rosa-de-la-paz-igss-hospital-general-de-accidentes-ceibal-2019-7-300x200.jpg 300w, \/wp-content\/uploads\/sites\/5\/2019\/07\/cambio-de-la-rosa-de-la-paz-igss-hospital-general-de-accidentes-ceibal-2019-7-768x512.jpg 768w, \/wp-content\/uploads\/sites\/5\/2019\/07\/cambio-de-la-rosa-de-la-paz-igss-hospital-general-de-accidentes-ceibal-2019-7-630x420.jpg 630w, \/wp-content\/uploads\/sites\/5\/2019\/07\/cambio-de-la-rosa-de-la-paz-igss-hospital-general-de-accidentes-ceibal-2019-7-696x464.jpg 696w, \/wp-content\/uploads\/sites\/5\/2019\/07\/cambio-de-la-rosa-de-la-paz-igss-hospital-general-de-accidentes-ceibal-2019-7-1068x712.jpg 1068w, \/wp-content\/uploads\/sites\/5\/2019\/07\/cambio-de-la-rosa-de-la-paz-igss-hospital-general-de-accidentes-ceibal-2019-7-534x356.jpg 534w, \/wp-content\/uploads\/sites\/5\/2019\/07\/cambio-de-la-rosa-de-la-paz-igss-hospital-general-de-accidentes-ceibal-2019-7.jpg 1280w\" sizes=\"auto, (max-width: 1024px) 100vw, 1024px\" \/><\/figure><\/li><li class=\"blocks-gallery-item\"><figure><img loading=\"lazy\" decoding=\"async\" width=\"1024\" height=\"683\" src=\"\/wp-content\/uploads\/sites\/5\/2019\/07\/cambio-de-la-rosa-de-la-paz-igss-hospital-general-de-accidentes-ceibal-2019-8-1024x683.jpg\" alt=\"\" data-id=\"9996\" data-link=\"https:\/\/www.igssgt.org\/noticias\/?attachment_id=9996\" class=\"wp-image-9996\" srcset=\"\/wp-content\/uploads\/sites\/5\/2019\/07\/cambio-de-la-rosa-de-la-paz-igss-hospital-general-de-accidentes-ceibal-2019-8-1024x683.jpg 1024w, \/wp-content\/uploads\/sites\/5\/2019\/07\/cambio-de-la-rosa-de-la-paz-igss-hospital-general-de-accidentes-ceibal-2019-8-300x200.jpg 300w, \/wp-content\/uploads\/sites\/5\/2019\/07\/cambio-de-la-rosa-de-la-paz-igss-hospital-general-de-accidentes-ceibal-2019-8-768x512.jpg 768w, \/wp-content\/uploads\/sites\/5\/2019\/07\/cambio-de-la-rosa-de-la-paz-igss-hospital-general-de-accidentes-ceibal-2019-8-630x420.jpg 630w, \/wp-content\/uploads\/sites\/5\/2019\/07\/cambio-de-la-rosa-de-la-paz-igss-hospital-general-de-accidentes-ceibal-2019-8-696x464.jpg 696w, \/wp-content\/uploads\/sites\/5\/2019\/07\/cambio-de-la-rosa-de-la-paz-igss-hospital-general-de-accidentes-ceibal-2019-8-1068x712.jpg 1068w, \/wp-content\/uploads\/sites\/5\/2019\/07\/cambio-de-la-rosa-de-la-paz-igss-hospital-general-de-accidentes-ceibal-2019-8-534x356.jpg 534w, \/wp-content\/uploads\/sites\/5\/2019\/07\/cambio-de-la-rosa-de-la-paz-igss-hospital-general-de-accidentes-ceibal-2019-8.jpg 1200w\" sizes=\"auto, (max-width: 1024px) 100vw, 1024px\" \/><\/figure><\/li><li class=\"blocks-gallery-item\"><figure><img loading=\"lazy\" decoding=\"async\" width=\"1024\" height=\"683\" src=\"\/wp-content\/uploads\/sites\/5\/2019\/07\/cambio-de-la-rosa-de-la-paz-igss-hospital-general-de-accidentes-ceibal-2019-9-1024x683.jpg\" alt=\"\" data-id=\"9997\" data-link=\"https:\/\/www.igssgt.org\/noticias\/?attachment_id=9997\" class=\"wp-image-9997\" srcset=\"\/wp-content\/uploads\/sites\/5\/2019\/07\/cambio-de-la-rosa-de-la-paz-igss-hospital-general-de-accidentes-ceibal-2019-9-1024x683.jpg 1024w, \/wp-content\/uploads\/sites\/5\/2019\/07\/cambio-de-la-rosa-de-la-paz-igss-hospital-general-de-accidentes-ceibal-2019-9-300x200.jpg 300w, \/wp-content\/uploads\/sites\/5\/2019\/07\/cambio-de-la-rosa-de-la-paz-igss-hospital-general-de-accidentes-ceibal-2019-9-768x512.jpg 768w, \/wp-content\/uploads\/sites\/5\/2019\/07\/cambio-de-la-rosa-de-la-paz-igss-hospital-general-de-accidentes-ceibal-2019-9-630x420.jpg 630w, \/wp-content\/uploads\/sites\/5\/2019\/07\/cambio-de-la-rosa-de-la-paz-igss-hospital-general-de-accidentes-ceibal-2019-9-696x464.jpg 696w, \/wp-content\/uploads\/sites\/5\/2019\/07\/cambio-de-la-rosa-de-la-paz-igss-hospital-general-de-accidentes-ceibal-2019-9-1068x712.jpg 1068w, \/wp-content\/uploads\/sites\/5\/2019\/07\/cambio-de-la-rosa-de-la-paz-igss-hospital-general-de-accidentes-ceibal-2019-9-534x356.jpg 534w, \/wp-content\/uploads\/sites\/5\/2019\/07\/cambio-de-la-rosa-de-la-paz-igss-hospital-general-de-accidentes-ceibal-2019-9.jpg 1200w\" sizes=\"auto, (max-width: 1024px) 100vw, 1024px\" \/><\/figure><\/li><li class=\"blocks-gallery-item\"><figure><img loading=\"lazy\" decoding=\"async\" width=\"1024\" height=\"683\" src=\"\/wp-content\/uploads\/sites\/5\/2019\/07\/cambio-de-la-rosa-de-la-paz-igss-hospital-general-de-accidentes-ceibal-2019-10-1024x683.jpg\" alt=\"\" data-id=\"9998\" data-link=\"https:\/\/www.igssgt.org\/noticias\/?attachment_id=9998\" class=\"wp-image-9998\" srcset=\"\/wp-content\/uploads\/sites\/5\/2019\/07\/cambio-de-la-rosa-de-la-paz-igss-hospital-general-de-accidentes-ceibal-2019-10-1024x683.jpg 1024w, \/wp-content\/uploads\/sites\/5\/2019\/07\/cambio-de-la-rosa-de-la-paz-igss-hospital-general-de-accidentes-ceibal-2019-10-300x200.jpg 300w, \/wp-content\/uploads\/sites\/5\/2019\/07\/cambio-de-la-rosa-de-la-paz-igss-hospital-general-de-accidentes-ceibal-2019-10-768x512.jpg 768w, \/wp-content\/uploads\/sites\/5\/2019\/07\/cambio-de-la-rosa-de-la-paz-igss-hospital-general-de-accidentes-ceibal-2019-10-630x420.jpg 630w, \/wp-content\/uploads\/sites\/5\/2019\/07\/cambio-de-la-rosa-de-la-paz-igss-hospital-general-de-accidentes-ceibal-2019-10-696x464.jpg 696w, \/wp-content\/uploads\/sites\/5\/2019\/07\/cambio-de-la-rosa-de-la-paz-igss-hospital-general-de-accidentes-ceibal-2019-10-1068x712.jpg 1068w, \/wp-content\/uploads\/sites\/5\/2019\/07\/cambio-de-la-rosa-de-la-paz-igss-hospital-general-de-accidentes-ceibal-2019-10-534x356.jpg 534w, \/wp-content\/uploads\/sites\/5\/2019\/07\/cambio-de-la-rosa-de-la-paz-igss-hospital-general-de-accidentes-ceibal-2019-10.jpg 1200w\" sizes=\"auto, (max-width: 1024px) 100vw, 1024px\" \/><\/figure><\/li><li class=\"blocks-gallery-item\"><figure><img loading=\"lazy\" decoding=\"async\" width=\"1024\" height=\"683\" src=\"\/wp-content\/uploads\/sites\/5\/2019\/07\/cambio-de-la-rosa-de-la-paz-igss-hospital-general-de-accidentes-ceibal-2019-11-1024x683.jpg\" alt=\"\" data-id=\"9999\" data-link=\"https:\/\/www.igssgt.org\/noticias\/?attachment_id=9999\" class=\"wp-image-9999\" srcset=\"\/wp-content\/uploads\/sites\/5\/2019\/07\/cambio-de-la-rosa-de-la-paz-igss-hospital-general-de-accidentes-ceibal-2019-11-1024x683.jpg 1024w, \/wp-content\/uploads\/sites\/5\/2019\/07\/cambio-de-la-rosa-de-la-paz-igss-hospital-general-de-accidentes-ceibal-2019-11-300x200.jpg 300w, \/wp-content\/uploads\/sites\/5\/2019\/07\/cambio-de-la-rosa-de-la-paz-igss-hospital-general-de-accidentes-ceibal-2019-11-768x512.jpg 768w, \/wp-content\/uploads\/sites\/5\/2019\/07\/cambio-de-la-rosa-de-la-paz-igss-hospital-general-de-accidentes-ceibal-2019-11-630x420.jpg 630w, \/wp-content\/uploads\/sites\/5\/2019\/07\/cambio-de-la-rosa-de-la-paz-igss-hospital-general-de-accidentes-ceibal-2019-11-696x464.jpg 696w, \/wp-content\/uploads\/sites\/5\/2019\/07\/cambio-de-la-rosa-de-la-paz-igss-hospital-general-de-accidentes-ceibal-2019-11-1068x712.jpg 1068w, \/wp-content\/uploads\/sites\/5\/2019\/07\/cambio-de-la-rosa-de-la-paz-igss-hospital-general-de-accidentes-ceibal-2019-11-534x356.jpg 534w, \/wp-content\/uploads\/sites\/5\/2019\/07\/cambio-de-la-rosa-de-la-paz-igss-hospital-general-de-accidentes-ceibal-2019-11.jpg 1200w\" sizes=\"auto, (max-width: 1024px) 100vw, 1024px\" \/><\/figure><\/li><li class=\"blocks-gallery-item\"><figure><img loading=\"lazy\" decoding=\"async\" width=\"1024\" height=\"683\" src=\"\/wp-content\/uploads\/sites\/5\/2019\/07\/cambio-de-la-rosa-de-la-paz-igss-hospital-general-de-accidentes-ceibal-2019-12-1024x683.jpg\" alt=\"\" data-id=\"10000\" data-link=\"https:\/\/www.igssgt.org\/noticias\/?attachment_id=10000\" class=\"wp-image-10000\" srcset=\"\/wp-content\/uploads\/sites\/5\/2019\/07\/cambio-de-la-rosa-de-la-paz-igss-hospital-general-de-accidentes-ceibal-2019-12-1024x683.jpg 1024w, \/wp-content\/uploads\/sites\/5\/2019\/07\/cambio-de-la-rosa-de-la-paz-igss-hospital-general-de-accidentes-ceibal-2019-12-300x200.jpg 300w, \/wp-content\/uploads\/sites\/5\/2019\/07\/cambio-de-la-rosa-de-la-paz-igss-hospital-general-de-accidentes-ceibal-2019-12-768x512.jpg 768w, \/wp-content\/uploads\/sites\/5\/2019\/07\/cambio-de-la-rosa-de-la-paz-igss-hospital-general-de-accidentes-ceibal-2019-12-630x420.jpg 630w, \/wp-content\/uploads\/sites\/5\/2019\/07\/cambio-de-la-rosa-de-la-paz-igss-hospital-general-de-accidentes-ceibal-2019-12-696x464.jpg 696w, \/wp-content\/uploads\/sites\/5\/2019\/07\/cambio-de-la-rosa-de-la-paz-igss-hospital-general-de-accidentes-ceibal-2019-12-1068x712.jpg 1068w, \/wp-content\/uploads\/sites\/5\/2019\/07\/cambio-de-la-rosa-de-la-paz-igss-hospital-general-de-accidentes-ceibal-2019-12-534x356.jpg 534w, \/wp-content\/uploads\/sites\/5\/2019\/07\/cambio-de-la-rosa-de-la-paz-igss-hospital-general-de-accidentes-ceibal-2019-12.jpg 1200w\" sizes=\"auto, (max-width: 1024px) 100vw, 1024px\" \/><\/figure><\/li><li class=\"blocks-gallery-item\"><figure><img loading=\"lazy\" decoding=\"async\" width=\"1024\" height=\"683\" src=\"\/wp-content\/uploads\/sites\/5\/2019\/07\/cambio-de-la-rosa-de-la-paz-igss-hospital-general-de-accidentes-ceibal-2019-13-1024x683.jpg\" alt=\"\" data-id=\"10001\" data-link=\"https:\/\/www.igssgt.org\/noticias\/?attachment_id=10001\" class=\"wp-image-10001\" srcset=\"\/wp-content\/uploads\/sites\/5\/2019\/07\/cambio-de-la-rosa-de-la-paz-igss-hospital-general-de-accidentes-ceibal-2019-13-1024x683.jpg 1024w, \/wp-content\/uploads\/sites\/5\/2019\/07\/cambio-de-la-rosa-de-la-paz-igss-hospital-general-de-accidentes-ceibal-2019-13-300x200.jpg 300w, \/wp-content\/uploads\/sites\/5\/2019\/07\/cambio-de-la-rosa-de-la-paz-igss-hospital-general-de-accidentes-ceibal-2019-13-768x512.jpg 768w, \/wp-content\/uploads\/sites\/5\/2019\/07\/cambio-de-la-rosa-de-la-paz-igss-hospital-general-de-accidentes-ceibal-2019-13-630x420.jpg 630w, \/wp-content\/uploads\/sites\/5\/2019\/07\/cambio-de-la-rosa-de-la-paz-igss-hospital-general-de-accidentes-ceibal-2019-13-696x464.jpg 696w, \/wp-content\/uploads\/sites\/5\/2019\/07\/cambio-de-la-rosa-de-la-paz-igss-hospital-general-de-accidentes-ceibal-2019-13-1068x712.jpg 1068w, \/wp-content\/uploads\/sites\/5\/2019\/07\/cambio-de-la-rosa-de-la-paz-igss-hospital-general-de-accidentes-ceibal-2019-13-534x356.jpg 534w, \/wp-content\/uploads\/sites\/5\/2019\/07\/cambio-de-la-rosa-de-la-paz-igss-hospital-general-de-accidentes-ceibal-2019-13.jpg 1200w\" sizes=\"auto, (max-width: 1024px) 100vw, 1024px\" \/><\/figure><\/li><li class=\"blocks-gallery-item\"><figure><img loading=\"lazy\" decoding=\"async\" width=\"1024\" height=\"683\" src=\"\/wp-content\/uploads\/sites\/5\/2019\/07\/cambio-de-la-rosa-de-la-paz-igss-hospital-general-de-accidentes-ceibal-2019-14-1024x683.jpg\" alt=\"\" data-id=\"10002\" data-link=\"https:\/\/www.igssgt.org\/noticias\/?attachment_id=10002\" class=\"wp-image-10002\" srcset=\"\/wp-content\/uploads\/sites\/5\/2019\/07\/cambio-de-la-rosa-de-la-paz-igss-hospital-general-de-accidentes-ceibal-2019-14-1024x683.jpg 1024w, \/wp-content\/uploads\/sites\/5\/2019\/07\/cambio-de-la-rosa-de-la-paz-igss-hospital-general-de-accidentes-ceibal-2019-14-300x200.jpg 300w, \/wp-content\/uploads\/sites\/5\/2019\/07\/cambio-de-la-rosa-de-la-paz-igss-hospital-general-de-accidentes-ceibal-2019-14-768x512.jpg 768w, \/wp-content\/uploads\/sites\/5\/2019\/07\/cambio-de-la-rosa-de-la-paz-igss-hospital-general-de-accidentes-ceibal-2019-14-630x420.jpg 630w, \/wp-content\/uploads\/sites\/5\/2019\/07\/cambio-de-la-rosa-de-la-paz-igss-hospital-general-de-accidentes-ceibal-2019-14-696x464.jpg 696w, \/wp-content\/uploads\/sites\/5\/2019\/07\/cambio-de-la-rosa-de-la-paz-igss-hospital-general-de-accidentes-ceibal-2019-14-1068x712.jpg 1068w, \/wp-content\/uploads\/sites\/5\/2019\/07\/cambio-de-la-rosa-de-la-paz-igss-hospital-general-de-accidentes-ceibal-2019-14-534x356.jpg 534w, \/wp-content\/uploads\/sites\/5\/2019\/07\/cambio-de-la-rosa-de-la-paz-igss-hospital-general-de-accidentes-ceibal-2019-14.jpg 1200w\" sizes=\"auto, (max-width: 1024px) 100vw, 1024px\" \/><\/figure><\/li><li class=\"blocks-gallery-item\"><figure><img loading=\"lazy\" decoding=\"async\" width=\"1024\" height=\"683\" src=\"\/wp-content\/uploads\/sites\/5\/2019\/07\/cambio-de-la-rosa-de-la-paz-igss-hospital-general-de-accidentes-ceibal-2019-15-1024x683.jpg\" alt=\"\" data-id=\"10003\" data-link=\"https:\/\/www.igssgt.org\/noticias\/?attachment_id=10003\" class=\"wp-image-10003\" srcset=\"\/wp-content\/uploads\/sites\/5\/2019\/07\/cambio-de-la-rosa-de-la-paz-igss-hospital-general-de-accidentes-ceibal-2019-15-1024x683.jpg 1024w, \/wp-content\/uploads\/sites\/5\/2019\/07\/cambio-de-la-rosa-de-la-paz-igss-hospital-general-de-accidentes-ceibal-2019-15-300x200.jpg 300w, \/wp-content\/uploads\/sites\/5\/2019\/07\/cambio-de-la-rosa-de-la-paz-igss-hospital-general-de-accidentes-ceibal-2019-15-768x512.jpg 768w, \/wp-content\/uploads\/sites\/5\/2019\/07\/cambio-de-la-rosa-de-la-paz-igss-hospital-general-de-accidentes-ceibal-2019-15-630x420.jpg 630w, \/wp-content\/uploads\/sites\/5\/2019\/07\/cambio-de-la-rosa-de-la-paz-igss-hospital-general-de-accidentes-ceibal-2019-15-696x464.jpg 696w, \/wp-content\/uploads\/sites\/5\/2019\/07\/cambio-de-la-rosa-de-la-paz-igss-hospital-general-de-accidentes-ceibal-2019-15-1068x712.jpg 1068w, \/wp-content\/uploads\/sites\/5\/2019\/07\/cambio-de-la-rosa-de-la-paz-igss-hospital-general-de-accidentes-ceibal-2019-15-534x356.jpg 534w, \/wp-content\/uploads\/sites\/5\/2019\/07\/cambio-de-la-rosa-de-la-paz-igss-hospital-general-de-accidentes-ceibal-2019-15.jpg 1200w\" sizes=\"auto, (max-width: 1024px) 100vw, 1024px\" \/><\/figure><\/li><li class=\"blocks-gallery-item\"><figure><img loading=\"lazy\" decoding=\"async\" width=\"1024\" height=\"683\" src=\"\/wp-content\/uploads\/sites\/5\/2019\/07\/cambio-de-la-rosa-de-la-paz-igss-hospital-general-de-accidentes-ceibal-2019-16-1024x683.jpg\" alt=\"\" data-id=\"10004\" data-link=\"https:\/\/www.igssgt.org\/noticias\/?attachment_id=10004\" class=\"wp-image-10004\" srcset=\"\/wp-content\/uploads\/sites\/5\/2019\/07\/cambio-de-la-rosa-de-la-paz-igss-hospital-general-de-accidentes-ceibal-2019-16-1024x683.jpg 1024w, \/wp-content\/uploads\/sites\/5\/2019\/07\/cambio-de-la-rosa-de-la-paz-igss-hospital-general-de-accidentes-ceibal-2019-16-300x200.jpg 300w, \/wp-content\/uploads\/sites\/5\/2019\/07\/cambio-de-la-rosa-de-la-paz-igss-hospital-general-de-accidentes-ceibal-2019-16-768x512.jpg 768w, \/wp-content\/uploads\/sites\/5\/2019\/07\/cambio-de-la-rosa-de-la-paz-igss-hospital-general-de-accidentes-ceibal-2019-16-630x420.jpg 630w, \/wp-content\/uploads\/sites\/5\/2019\/07\/cambio-de-la-rosa-de-la-paz-igss-hospital-general-de-accidentes-ceibal-2019-16-696x464.jpg 696w, \/wp-content\/uploads\/sites\/5\/2019\/07\/cambio-de-la-rosa-de-la-paz-igss-hospital-general-de-accidentes-ceibal-2019-16-1068x712.jpg 1068w, \/wp-content\/uploads\/sites\/5\/2019\/07\/cambio-de-la-rosa-de-la-paz-igss-hospital-general-de-accidentes-ceibal-2019-16-534x356.jpg 534w, \/wp-content\/uploads\/sites\/5\/2019\/07\/cambio-de-la-rosa-de-la-paz-igss-hospital-general-de-accidentes-ceibal-2019-16.jpg 1200w\" sizes=\"auto, (max-width: 1024px) 100vw, 1024px\" \/><\/figure><\/li><\/ul>\n","protected":false},"excerpt":{"rendered":"<p>En el marco de la conmemoraci\u00f3n del 71 aniversario de fundaci\u00f3n del Hospital General de Accidentes Ceibal del IGSS brindando servicios m\u00e9dicos y hospitalarios de calidad y con sentido social, hoy la Secretar\u00eda de la Paz le concedi\u00f3 el honor del Cambio de la Rosa de la Paz. El licenciado Carlos Contreras, presidente de la [&hellip;]<\/p>\n","protected":false},"author":4,"featured_media":9997,"comment_status":"open","ping_status":"open","sticky":false,"template":"","format":"standard","meta":{"footnotes":""},"categories":[3,15,29,36],"tags":[480,490],"coauthors":[881],"class_list":{"0":"post-9988","1":"post","2":"type-post","3":"status-publish","4":"format-standard","5":"has-post-thumbnail","7":"category-actualidad","8":"category-destacado","9":"category-publicaciones","10":"category-unidades-medicas","11":"tag-hospital-general-de-accidentes-ceibal","12":"tag-igss"},"_links":{"self":[{"href":"https:\/\/www.igssgt.org\/noticias\/wp-json\/wp\/v2\/posts\/9988","targetHints":{"allow":["GET"]}}],"collection":[{"href":"https:\/\/www.igssgt.org\/noticias\/wp-json\/wp\/v2\/posts"}],"about":[{"href":"https:\/\/www.igssgt.org\/noticias\/wp-json\/wp\/v2\/types\/post"}],"author":[{"embeddable":true,"href":"https:\/\/www.igssgt.org\/noticias\/wp-json\/wp\/v2\/users\/4"}],"replies":[{"embeddable":true,"href":"https:\/\/www.igssgt.org\/noticias\/wp-json\/wp\/v2\/comments?post=9988"}],"version-history":[{"count":1,"href":"https:\/\/www.igssgt.org\/noticias\/wp-json\/wp\/v2\/posts\/9988\/revisions"}],"predecessor-version":[{"id":10005,"href":"https:\/\/www.igssgt.org\/noticias\/wp-json\/wp\/v2\/posts\/9988\/revisions\/10005"}],"wp:featuredmedia":[{"embeddable":true,"href":"https:\/\/www.igssgt.org\/noticias\/wp-json\/wp\/v2\/media\/9997"}],"wp:attachment":[{"href":"https:\/\/www.igssgt.org\/noticias\/wp-json\/wp\/v2\/media?parent=9988"}],"wp:term":[{"taxonomy":"category","embeddable":true,"href":"https:\/\/www.igssgt.org\/noticias\/wp-json\/wp\/v2\/categories?post=9988"},{"taxonomy":"post_tag","embeddable":true,"href":"https:\/\/www.igssgt.org\/noticias\/wp-json\/wp\/v2\/tags?post=9988"},{"taxonomy":"author","embeddable":true,"href":"https:\/\/www.igssgt.org\/noticias\/wp-json\/wp\/v2\/coauthors?post=9988"}],"curies":[{"name":"wp","href":"https:\/\/api.w.org\/{rel}","templated":true}]}}