{"id":1019,"count":1,"description":"","link":"https:\/\/www.igssgt.org\/noticias\/tag\/epoca-de-frio-geriatria\/","name":"\u00e9poca de fr\u00edo. geriatr\u00eda","slug":"epoca-de-frio-geriatria","taxonomy":"post_tag","meta":[],"_links":{"self":[{"href":"https:\/\/www.igssgt.org\/noticias\/wp-json\/wp\/v2\/tags\/1019","targetHints":{"allow":["GET"]}}],"collection":[{"href":"https:\/\/www.igssgt.org\/noticias\/wp-json\/wp\/v2\/tags"}],"about":[{"href":"https:\/\/www.igssgt.org\/noticias\/wp-json\/wp\/v2\/taxonomies\/post_tag"}],"wp:post_type":[{"href":"https:\/\/www.igssgt.org\/noticias\/wp-json\/wp\/v2\/posts?tags=1019"}],"curies":[{"name":"wp","href":"https:\/\/api.w.org\/{rel}","templated":true}]}}