{"id":2218,"count":1,"description":"","link":"https:\/\/www.igssgt.org\/noticias\/tag\/dia-mundial-del-cancer-de-prostata\/","name":"D\u00eda mundial del C\u00e1ncer de Pr\u00f3stata","slug":"dia-mundial-del-cancer-de-prostata","taxonomy":"post_tag","meta":[],"_links":{"self":[{"href":"https:\/\/www.igssgt.org\/noticias\/wp-json\/wp\/v2\/tags\/2218","targetHints":{"allow":["GET"]}}],"collection":[{"href":"https:\/\/www.igssgt.org\/noticias\/wp-json\/wp\/v2\/tags"}],"about":[{"href":"https:\/\/www.igssgt.org\/noticias\/wp-json\/wp\/v2\/taxonomies\/post_tag"}],"wp:post_type":[{"href":"https:\/\/www.igssgt.org\/noticias\/wp-json\/wp\/v2\/posts?tags=2218"}],"curies":[{"name":"wp","href":"https:\/\/api.w.org\/{rel}","templated":true}]}}